{"id":286,"date":"2010-12-16T23:03:03","date_gmt":"2010-12-16T23:03:03","guid":{"rendered":"http:\/\/uni2ajesus.com\/?p=286"},"modified":"2014-07-30T07:07:26","modified_gmt":"2014-07-30T07:07:26","slug":"jmj-2011-llegada-de-la-cruz-peregrina","status":"publish","type":"post","link":"http:\/\/uni2ajesus.com\/?p=286","title":{"rendered":"JMJ 2011 &#8211; Llegada de la Cruz Peregrina"},"content":{"rendered":"<p>Hemos participado hoy en la recepci\u00f3n de la Cruz que peregrina por todas las di\u00f3cesis de Espa\u00f1a para preparar la celebraci\u00f3n de la JMJ 2011 (Jornada Mundial de la Juventud con el Papa\u00a0en Madrid) durante el mes de agosto pr\u00f3ximo. Ha sido muy hermoso verla llegar por el Ebro y ser recibida por el alcalde y el arzobispo. \u00a1Al final, calent\u00e1ndonos en una salida de aire en el Pilar!<\/p>\n<p><div class=\"flagallery amron_skin\" id=\"FlaGallery_sc1_60\" ><script type=\"application\/json\" class=\"FlaGallery_sc1_60\">{\"settings\":{\"collectionThumbColumns\":\"3\",\"collectionThumbRecomendedWidth\":\"260\",\"collectionPreloaderColor\":\"#333333\",\"linkTargetWindow\":\"_blank\",\"thumbSpacing\":\"10\",\"tagsFilter\":\"1\",\"tagCloudSort\":\"1\",\"tagCloudAll\":\"All\",\"tagCloudAllTagPresented\":\"1\",\"tagCloudStartIndex\":\"0\",\"tagCloudTextColor\":\"#000000\",\"tagCloudBgColor\":\"#eeeeee\",\"collectionThumbHoverColor\":\"rgba(0, 0, 0, .7)\",\"collectionThumbContentBGColor\":\"rgba(245,245,245,1)\",\"collectionThumbTitleShow\":\"1\",\"collectionThumbTitleColor\":\"rgba(0,0,0,1)\",\"collectionThumbFontSize\":\"18\",\"collectionThumbDescriptionShow\":\"1\",\"collectionThumbDescriptionColor\":\"rgba(0,0,0,1)\",\"collectionThumbDescriptionFontSize\":\"15\",\"collectionReadMoreButtonLabel\":\"Read More\",\"collectionReadMoreButtonLabelColor\":\"rgba(255, 255, 255, 1)\",\"collectionReadMoreButtonBGColor\":\"rgba(0, 0, 0, 1)\",\"collectionReadMoreButtonLabelColorHover\":\"rgba(0, 0, 0, 1)\",\"collectionReadMoreButtonBGColorHover\":\"rgba(235,235,235,1)\",\"modaBgColor\":\"rgba(0,0,0,0.9)\",\"modalInfoBoxBgColor\":\"rgba(255,255,255,1)\",\"modalInfoBoxTitleTextColor\":\"rgba(0,0,0,1)\",\"modalInfoBoxTextColor\":\"rgba(70,70,70,1)\",\"infoBarExifEnable\":\"1\",\"infoBarCountersEnable\":\"1\",\"infoBarDateInfoEnable\":\"1\",\"lightBoxEnable\":\"1\",\"copyR_Protection\":\"1\",\"copyR_Alert\":\"Hello, this photo is mine!\",\"sliderScrollNavi\":\"0\",\"sliderNextPrevAnimation\":\"animation\",\"sliderPreloaderColor\":\"#ffffff\",\"sliderBgColor\":\"rgba(0,0,0,0.8)\",\"sliderHeaderFooterBgColor\":\"#000000\",\"sliderNavigationColor\":\"rgba(0,0,0,1)\",\"sliderNavigationIconColor\":\"rgba(255,255,255,1)\",\"sliderNavigationColorOver\":\"rgba(255,255,255,1)\",\"sliderNavigationIconColorOver\":\"rgba(0,0,0,1)\",\"sliderItemTitleEnable\":\"1\",\"sliderItemTitleFontSize\":\"24\",\"sliderItemTitleTextColor\":\"#ffffff\",\"sliderThumbBarEnable\":\"1\",\"sliderThumbBarHoverColor\":\"#ffffff\",\"sliderThumbSubMenuBackgroundColor\":\"rgba(0,0,0,1)\",\"sliderThumbSubMenuBackgroundColorOver\":\"rgba(255,255,255,1)\",\"sliderThumbSubMenuIconColor\":\"rgba(255,255,255,1)\",\"sliderThumbSubMenuIconHoverColor\":\"rgba(0,0,0,1)\",\"sliderPlayButton\":\"1\",\"slideshowDelay\":\"8\",\"slideshowProgressBarColor\":\"rgba(255,255,255,1)\",\"slideshowProgressBarBGColor\":\"rgba(255,255,255,0.6)\",\"sliderInfoEnable\":\"1\",\"sliderZoomButton\":\"1\",\"sliderItemDownload\":\"1\",\"sliderSocialShareEnabled\":\"1\",\"sliderLikesEnabled\":\"1\",\"sliderFullScreen\":\"1\",\"customCSS\":\"\",\"key\":\"\",\"name\":\"\",\"galleryID\":\"sc1_60\",\"post_url\":\"http:\\\/\\\/uni2ajesus.com?rest_route=%2Fwp%2Fv2%2Fposts%2F286\",\"module_url\":\"http:\\\/\\\/uni2ajesus.com\\\/wp-content\\\/plugins\\\/flagallery-skins\\\/amron\\\/\"}, \"data\":[{\"gallery\":{\"gid\":\"60\",\"name\":\"jmj-2011-llegada-de-la-cruz-peregrina\",\"path\":\"http:\\\/\\\/uni2ajesus.com\\\/wp-content\\\/flagallery\\\/jmj-2011-llegada-de-la-cruz-peregrina\",\"title\":\"JMJ 2011- Llegada de la cruz peregrina\",\"galdesc\":\"\"},\"data\":[{\"pid\":\"625\",\"filename\":\"1012160052.jpg\",\"description\":\"\",\"alttext\":\"\",\"link\":null,\"imagedate\":\"2010-12-16 21:11:38\",\"hitcounter\":\"64\",\"total_value\":\"0\",\"total_votes\":\"0\",\"meta_data\":{\"aperture\":\"F 2.8\",\"credit\":false,\"camera\":\"FinePix J10\",\"caption\":false,\"created_timestamp\":\"diciembre 16, 2010 9:11 pm\",\"copyright\":false,\"focal_length\":\"6.2 mm\",\"iso\":800,\"shutter_speed\":\"1\\\/0 sec\",\"flash\":\"Not fired\",\"title\":false,\"keywords\":false,\"width\":800,\"height\":600,\"saved\":true,\"thumbnail\":{\"width\":100,\"height\":75},\"webview\":{\"0\":800,\"1\":600,\"2\":2,\"3\":\"width=\\\"800\\\" height=\\\"600\\\"\",\"bits\":8,\"channels\":3,\"mime\":\"image\\\/jpeg\"}}},{\"pid\":\"626\",\"filename\":\"1012160054.jpg\",\"description\":\"\",\"alttext\":\"\",\"link\":null,\"imagedate\":\"2010-12-16 21:21:32\",\"hitcounter\":\"54\",\"total_value\":\"0\",\"total_votes\":\"0\",\"meta_data\":{\"aperture\":\"F 2.8\",\"credit\":false,\"camera\":\"FinePix J10\",\"caption\":false,\"created_timestamp\":\"diciembre 16, 2010 9:21 pm\",\"copyright\":false,\"focal_length\":\"6.2 mm\",\"iso\":800,\"shutter_speed\":\"1\\\/0 sec\",\"flash\":\"Not fired\",\"title\":false,\"keywords\":false,\"width\":800,\"height\":600,\"saved\":true,\"thumbnail\":{\"width\":100,\"height\":75},\"webview\":{\"0\":800,\"1\":600,\"2\":2,\"3\":\"width=\\\"800\\\" height=\\\"600\\\"\",\"bits\":8,\"channels\":3,\"mime\":\"image\\\/jpeg\"}}},{\"pid\":\"627\",\"filename\":\"1012160057.jpg\",\"description\":\"\",\"alttext\":\"\",\"link\":null,\"imagedate\":\"2010-12-16 21:56:30\",\"hitcounter\":\"45\",\"total_value\":\"0\",\"total_votes\":\"0\",\"meta_data\":{\"aperture\":\"F 2.8\",\"credit\":false,\"camera\":\"FinePix J10\",\"caption\":false,\"created_timestamp\":\"diciembre 16, 2010 9:56 pm\",\"copyright\":false,\"focal_length\":\"6.2 mm\",\"iso\":1600,\"shutter_speed\":\"1\\\/60 sec\",\"flash\":\"Fired\",\"title\":false,\"keywords\":false,\"width\":800,\"height\":600,\"saved\":true,\"thumbnail\":{\"width\":100,\"height\":75},\"webview\":{\"0\":800,\"1\":600,\"2\":2,\"3\":\"width=\\\"800\\\" height=\\\"600\\\"\",\"bits\":8,\"channels\":3,\"mime\":\"image\\\/jpeg\"}}},{\"pid\":\"628\",\"filename\":\"1012160064.jpg\",\"description\":\"\",\"alttext\":\"\",\"link\":null,\"imagedate\":\"2010-12-16 22:13:09\",\"hitcounter\":\"39\",\"total_value\":\"0\",\"total_votes\":\"0\",\"meta_data\":{\"aperture\":\"F 2.8\",\"credit\":false,\"camera\":\"FinePix J10\",\"caption\":false,\"created_timestamp\":\"diciembre 16, 2010 10:13 pm\",\"copyright\":false,\"focal_length\":\"6.2 mm\",\"iso\":800,\"shutter_speed\":\"1\\\/60 sec\",\"flash\":\"Fired\",\"title\":false,\"keywords\":false,\"width\":800,\"height\":600,\"saved\":true,\"thumbnail\":{\"width\":100,\"height\":75},\"webview\":{\"0\":800,\"1\":600,\"2\":2,\"3\":\"width=\\\"800\\\" height=\\\"600\\\"\",\"bits\":8,\"channels\":3,\"mime\":\"image\\\/jpeg\"}}}]}]}<\/script><\/div><noscript id=\"noscript_FlaGallery_sc1_60\"><img class=\"skip-lazy no-lazyload noLazy\" data-lazy-src=\"\" src =\"http:\/\/uni2ajesus.com\/wp-content\/flagallery\/jmj-2011-llegada-de-la-cruz-peregrina\/1012160052.jpg\" alt=\"\" \/><img class=\"skip-lazy no-lazyload noLazy\" data-lazy-src=\"\" src =\"http:\/\/uni2ajesus.com\/wp-content\/flagallery\/jmj-2011-llegada-de-la-cruz-peregrina\/1012160054.jpg\" alt=\"\" \/><img class=\"skip-lazy no-lazyload noLazy\" data-lazy-src=\"\" src =\"http:\/\/uni2ajesus.com\/wp-content\/flagallery\/jmj-2011-llegada-de-la-cruz-peregrina\/1012160057.jpg\" alt=\"\" \/><img class=\"skip-lazy no-lazyload noLazy\" data-lazy-src=\"\" src =\"http:\/\/uni2ajesus.com\/wp-content\/flagallery\/jmj-2011-llegada-de-la-cruz-peregrina\/1012160064.jpg\" alt=\"\" \/><\/noscript>jm<\/p>\n","protected":false},"excerpt":{"rendered":"<p>Hemos participado hoy en la recepci\u00f3n de la Cruz que peregrina por todas las di\u00f3cesis de Espa\u00f1a para preparar la celebraci\u00f3n de la JMJ 2011 (Jornada Mundial de la Juventud con el Papa\u00a0en Madrid) durante el mes de agosto pr\u00f3ximo. Ha sido muy hermoso verla llegar por el Ebro y ser recibida por el alcalde &hellip; <a href=\"http:\/\/uni2ajesus.com\/?p=286\" class=\"more-link\">Seguir leyendo <span class=\"screen-reader-text\">JMJ 2011 &#8211; Llegada de la Cruz Peregrina<\/span> <span class=\"meta-nav\">&rarr;<\/span><\/a><\/p>\n","protected":false},"author":2,"featured_media":0,"comment_status":"closed","ping_status":"open","sticky":false,"template":"","format":"standard","meta":{"footnotes":""},"categories":[46,96,25,53],"tags":[160,144,157],"class_list":["post-286","post","type-post","status-publish","format-standard","hentry","category-iglesia","category-jmj","category-oracion","category-pastoral-juvenil","tag-jmj","tag-oracion","tag-pastoral-juvenil"],"_links":{"self":[{"href":"http:\/\/uni2ajesus.com\/index.php?rest_route=\/wp\/v2\/posts\/286","targetHints":{"allow":["GET"]}}],"collection":[{"href":"http:\/\/uni2ajesus.com\/index.php?rest_route=\/wp\/v2\/posts"}],"about":[{"href":"http:\/\/uni2ajesus.com\/index.php?rest_route=\/wp\/v2\/types\/post"}],"author":[{"embeddable":true,"href":"http:\/\/uni2ajesus.com\/index.php?rest_route=\/wp\/v2\/users\/2"}],"replies":[{"embeddable":true,"href":"http:\/\/uni2ajesus.com\/index.php?rest_route=%2Fwp%2Fv2%2Fcomments&post=286"}],"version-history":[{"count":1,"href":"http:\/\/uni2ajesus.com\/index.php?rest_route=\/wp\/v2\/posts\/286\/revisions"}],"predecessor-version":[{"id":287,"href":"http:\/\/uni2ajesus.com\/index.php?rest_route=\/wp\/v2\/posts\/286\/revisions\/287"}],"wp:attachment":[{"href":"http:\/\/uni2ajesus.com\/index.php?rest_route=%2Fwp%2Fv2%2Fmedia&parent=286"}],"wp:term":[{"taxonomy":"category","embeddable":true,"href":"http:\/\/uni2ajesus.com\/index.php?rest_route=%2Fwp%2Fv2%2Fcategories&post=286"},{"taxonomy":"post_tag","embeddable":true,"href":"http:\/\/uni2ajesus.com\/index.php?rest_route=%2Fwp%2Fv2%2Ftags&post=286"}],"curies":[{"name":"wp","href":"https:\/\/api.w.org\/{rel}","templated":true}]}}