{"id":345,"date":"2012-05-30T23:42:53","date_gmt":"2012-05-30T23:42:53","guid":{"rendered":"http:\/\/uni2ajesus.com\/?p=345"},"modified":"2014-08-05T08:52:32","modified_gmt":"2014-08-05T08:52:32","slug":"una-nueva-etapa","status":"publish","type":"post","link":"http:\/\/uni2ajesus.com\/?p=345","title":{"rendered":"Una nueva etapa"},"content":{"rendered":"<p>Hoy nos hemos reunido todo el equipo de animadores (Teresa, Susana, Sole, Paquy y Juan)\u00a0con Fernando Urdiola, Javier Arruebo y Paco Gonz\u00e1lez, del equipo de sacerdotes de nuestra parroquia.<br \/>\nTras unos d\u00edas de reflexi\u00f3n y oraci\u00f3n, les hemos manifestado por escrito que, ante los cambios que quieren hacer en la pastoral juvenil, reafirmamos nuestro deseo de seguir caminando por la senda que comenzamos en 2006, ahora con el nombre de \u00abUni2 a Jes\u00fas\u00bb. Dado que quieren abrir grupos de Ni\u00f1os de Acci\u00f3n Cat\u00f3lica (\u00d1acs) en todas las comunidades, cooperaremos con ellos y con el resto de la parroquia como venimos haciendo.<br \/>\nQue el Se\u00f1or gu\u00ede nuestros pasos en esta nueva singladura en la que deberemos afianzar nuestro carisma y proyecto propios y ponerlos al servicio de la Iglesia.<\/p>\n","protected":false},"excerpt":{"rendered":"<p>Hoy nos hemos reunido todo el equipo de animadores (Teresa, Susana, Sole, Paquy y Juan)\u00a0con Fernando Urdiola, Javier Arruebo y Paco Gonz\u00e1lez, del equipo de sacerdotes de nuestra parroquia. Tras unos d\u00edas de reflexi\u00f3n y oraci\u00f3n, les hemos manifestado por escrito que, ante los cambios que quieren hacer en la pastoral juvenil, reafirmamos nuestro deseo &hellip; <a href=\"http:\/\/uni2ajesus.com\/?p=345\" class=\"more-link\">Seguir leyendo <span class=\"screen-reader-text\">Una nueva etapa<\/span> <span class=\"meta-nav\">&rarr;<\/span><\/a><\/p>\n","protected":false},"author":2,"featured_media":0,"comment_status":"closed","ping_status":"open","sticky":false,"template":"","format":"standard","meta":{"footnotes":""},"categories":[49,3],"tags":[52,6],"class_list":["post-345","post","type-post","status-publish","format-standard","hentry","category-parroquia","category-uni2-a-jesus","tag-parroquia-de-san-andres","tag-uni2-a-jesus-2"],"_links":{"self":[{"href":"http:\/\/uni2ajesus.com\/index.php?rest_route=\/wp\/v2\/posts\/345","targetHints":{"allow":["GET"]}}],"collection":[{"href":"http:\/\/uni2ajesus.com\/index.php?rest_route=\/wp\/v2\/posts"}],"about":[{"href":"http:\/\/uni2ajesus.com\/index.php?rest_route=\/wp\/v2\/types\/post"}],"author":[{"embeddable":true,"href":"http:\/\/uni2ajesus.com\/index.php?rest_route=\/wp\/v2\/users\/2"}],"replies":[{"embeddable":true,"href":"http:\/\/uni2ajesus.com\/index.php?rest_route=%2Fwp%2Fv2%2Fcomments&post=345"}],"version-history":[{"count":1,"href":"http:\/\/uni2ajesus.com\/index.php?rest_route=\/wp\/v2\/posts\/345\/revisions"}],"predecessor-version":[{"id":346,"href":"http:\/\/uni2ajesus.com\/index.php?rest_route=\/wp\/v2\/posts\/345\/revisions\/346"}],"wp:attachment":[{"href":"http:\/\/uni2ajesus.com\/index.php?rest_route=%2Fwp%2Fv2%2Fmedia&parent=345"}],"wp:term":[{"taxonomy":"category","embeddable":true,"href":"http:\/\/uni2ajesus.com\/index.php?rest_route=%2Fwp%2Fv2%2Fcategories&post=345"},{"taxonomy":"post_tag","embeddable":true,"href":"http:\/\/uni2ajesus.com\/index.php?rest_route=%2Fwp%2Fv2%2Ftags&post=345"}],"curies":[{"name":"wp","href":"https:\/\/api.w.org\/{rel}","templated":true}]}}