{"id":399,"date":"2014-09-27T23:11:32","date_gmt":"2014-09-27T23:11:32","guid":{"rendered":"http:\/\/uni2ajesus.com\/?p=399"},"modified":"2014-09-27T23:11:32","modified_gmt":"2014-09-27T23:11:32","slug":"asamblea-parroquial-2014","status":"publish","type":"post","link":"http:\/\/uni2ajesus.com\/?p=399","title":{"rendered":"Asamblea parroquial 2014"},"content":{"rendered":"<p>Hemos participado en la asamblea parroquial que, como cada a\u00f1o, tiene lugar al comenzar el oto\u00f1o y el principio del curso. En ella hemos so\u00f1ado mejoras para nuestra parroquia y de nuestra comunidad del Esp\u00edritu Santo, sobre todo que podamos crear un consejo parroquial de j\u00f3venes. Adem\u00e1s, vamos a preparar el 50 aniversario de nuestra parroquia de San Andr\u00e9s. \u00a1Vienen muchas e interesantes actividades! Vamos a dar gracias a Dios por el don de nuestra iglesia local.<\/p>\n<div class=\"flagallery amron_skin\" id=\"FlaGallery_sc1_93\" ><script type=\"application\/json\" class=\"FlaGallery_sc1_93\">{\"settings\":{\"collectionThumbColumns\":\"3\",\"collectionThumbRecomendedWidth\":\"260\",\"collectionPreloaderColor\":\"#333333\",\"linkTargetWindow\":\"_blank\",\"thumbSpacing\":\"10\",\"tagsFilter\":\"1\",\"tagCloudSort\":\"1\",\"tagCloudAll\":\"All\",\"tagCloudAllTagPresented\":\"1\",\"tagCloudStartIndex\":\"0\",\"tagCloudTextColor\":\"#000000\",\"tagCloudBgColor\":\"#eeeeee\",\"collectionThumbHoverColor\":\"rgba(0, 0, 0, .7)\",\"collectionThumbContentBGColor\":\"rgba(245,245,245,1)\",\"collectionThumbTitleShow\":\"1\",\"collectionThumbTitleColor\":\"rgba(0,0,0,1)\",\"collectionThumbFontSize\":\"18\",\"collectionThumbDescriptionShow\":\"1\",\"collectionThumbDescriptionColor\":\"rgba(0,0,0,1)\",\"collectionThumbDescriptionFontSize\":\"15\",\"collectionReadMoreButtonLabel\":\"Read More\",\"collectionReadMoreButtonLabelColor\":\"rgba(255, 255, 255, 1)\",\"collectionReadMoreButtonBGColor\":\"rgba(0, 0, 0, 1)\",\"collectionReadMoreButtonLabelColorHover\":\"rgba(0, 0, 0, 1)\",\"collectionReadMoreButtonBGColorHover\":\"rgba(235,235,235,1)\",\"modaBgColor\":\"rgba(0,0,0,0.9)\",\"modalInfoBoxBgColor\":\"rgba(255,255,255,1)\",\"modalInfoBoxTitleTextColor\":\"rgba(0,0,0,1)\",\"modalInfoBoxTextColor\":\"rgba(70,70,70,1)\",\"infoBarExifEnable\":\"1\",\"infoBarCountersEnable\":\"1\",\"infoBarDateInfoEnable\":\"1\",\"lightBoxEnable\":\"1\",\"copyR_Protection\":\"1\",\"copyR_Alert\":\"Hello, this photo is mine!\",\"sliderScrollNavi\":\"0\",\"sliderNextPrevAnimation\":\"animation\",\"sliderPreloaderColor\":\"#ffffff\",\"sliderBgColor\":\"rgba(0,0,0,0.8)\",\"sliderHeaderFooterBgColor\":\"#000000\",\"sliderNavigationColor\":\"rgba(0,0,0,1)\",\"sliderNavigationIconColor\":\"rgba(255,255,255,1)\",\"sliderNavigationColorOver\":\"rgba(255,255,255,1)\",\"sliderNavigationIconColorOver\":\"rgba(0,0,0,1)\",\"sliderItemTitleEnable\":\"1\",\"sliderItemTitleFontSize\":\"24\",\"sliderItemTitleTextColor\":\"#ffffff\",\"sliderThumbBarEnable\":\"1\",\"sliderThumbBarHoverColor\":\"#ffffff\",\"sliderThumbSubMenuBackgroundColor\":\"rgba(0,0,0,1)\",\"sliderThumbSubMenuBackgroundColorOver\":\"rgba(255,255,255,1)\",\"sliderThumbSubMenuIconColor\":\"rgba(255,255,255,1)\",\"sliderThumbSubMenuIconHoverColor\":\"rgba(0,0,0,1)\",\"sliderPlayButton\":\"1\",\"slideshowDelay\":\"8\",\"slideshowProgressBarColor\":\"rgba(255,255,255,1)\",\"slideshowProgressBarBGColor\":\"rgba(255,255,255,0.6)\",\"sliderInfoEnable\":\"1\",\"sliderZoomButton\":\"1\",\"sliderItemDownload\":\"1\",\"sliderSocialShareEnabled\":\"1\",\"sliderLikesEnabled\":\"1\",\"sliderFullScreen\":\"1\",\"customCSS\":\"\",\"key\":\"\",\"name\":\"\",\"galleryID\":\"sc1_93\",\"post_url\":\"http:\\\/\\\/uni2ajesus.com?rest_route=%2Fwp%2Fv2%2Fposts%2F399\",\"module_url\":\"http:\\\/\\\/uni2ajesus.com\\\/wp-content\\\/plugins\\\/flagallery-skins\\\/amron\\\/\"}, \"data\":[{\"gallery\":{\"gid\":\"93\",\"name\":\"asamblea-parroquial-2014\",\"path\":\"http:\\\/\\\/uni2ajesus.com\\\/wp-content\\\/flagallery\\\/asamblea-parroquial-2014\",\"title\":\"Asamblea parroquial 2014\",\"galdesc\":\"\"},\"data\":[{\"pid\":\"930\",\"filename\":\"dsc_0030.jpg\",\"description\":\"\",\"alttext\":\"\",\"link\":null,\"imagedate\":\"2014-09-27 17:39:41\",\"hitcounter\":\"328\",\"total_value\":\"0\",\"total_votes\":\"0\",\"meta_data\":{\"aperture\":\"F 2.4\",\"credit\":false,\"camera\":\"C6603\",\"caption\":false,\"created_timestamp\":\"septiembre 27, 2014 5:39 pm\",\"copyright\":false,\"focal_length\":\"4.1 mm\",\"iso\":250,\"shutter_speed\":\"1\\\/50 sec\",\"flash\":\"Fired\",\"title\":false,\"keywords\":false,\"width\":800,\"height\":450,\"saved\":true,\"thumbnail\":{\"width\":100,\"height\":56},\"webview\":{\"0\":800,\"1\":450,\"2\":2,\"3\":\"width=\\\"800\\\" height=\\\"450\\\"\",\"bits\":8,\"channels\":3,\"mime\":\"image\\\/jpeg\"}}},{\"pid\":\"931\",\"filename\":\"dsc_0031.jpg\",\"description\":\"\",\"alttext\":\"\",\"link\":null,\"imagedate\":\"2014-09-27 17:41:11\",\"hitcounter\":\"233\",\"total_value\":\"0\",\"total_votes\":\"0\",\"meta_data\":{\"aperture\":\"F 2.4\",\"credit\":false,\"camera\":\"C6603\",\"caption\":false,\"created_timestamp\":\"septiembre 27, 2014 5:41 pm\",\"copyright\":false,\"focal_length\":\"4.1 mm\",\"iso\":200,\"shutter_speed\":\"1\\\/50 sec\",\"flash\":\"Fired\",\"title\":false,\"keywords\":false,\"width\":800,\"height\":450,\"saved\":true,\"thumbnail\":{\"width\":100,\"height\":56},\"webview\":{\"0\":800,\"1\":450,\"2\":2,\"3\":\"width=\\\"800\\\" height=\\\"450\\\"\",\"bits\":8,\"channels\":3,\"mime\":\"image\\\/jpeg\"}}},{\"pid\":\"932\",\"filename\":\"dsc_0032.jpg\",\"description\":\"\",\"alttext\":\"\",\"link\":null,\"imagedate\":\"2014-09-27 17:41:22\",\"hitcounter\":\"193\",\"total_value\":\"0\",\"total_votes\":\"0\",\"meta_data\":{\"aperture\":\"F 2.4\",\"credit\":false,\"camera\":\"C6603\",\"caption\":false,\"created_timestamp\":\"septiembre 27, 2014 5:41 pm\",\"copyright\":false,\"focal_length\":\"4.1 mm\",\"iso\":200,\"shutter_speed\":\"1\\\/50 sec\",\"flash\":\"Fired\",\"title\":false,\"keywords\":false,\"width\":800,\"height\":450,\"saved\":true,\"thumbnail\":{\"width\":100,\"height\":56},\"webview\":{\"0\":800,\"1\":450,\"2\":2,\"3\":\"width=\\\"800\\\" height=\\\"450\\\"\",\"bits\":8,\"channels\":3,\"mime\":\"image\\\/jpeg\"}}},{\"pid\":\"933\",\"filename\":\"dsc_0033.jpg\",\"description\":\"\",\"alttext\":\"\",\"link\":null,\"imagedate\":\"2014-09-27 17:44:36\",\"hitcounter\":\"172\",\"total_value\":\"0\",\"total_votes\":\"0\",\"meta_data\":{\"aperture\":\"F 2.4\",\"credit\":false,\"camera\":\"C6603\",\"caption\":false,\"created_timestamp\":\"septiembre 27, 2014 5:44 pm\",\"copyright\":false,\"focal_length\":\"4.1 mm\",\"iso\":250,\"shutter_speed\":\"1\\\/50 sec\",\"flash\":\"Fired\",\"title\":false,\"keywords\":false,\"width\":800,\"height\":450,\"saved\":true,\"thumbnail\":{\"width\":100,\"height\":56},\"webview\":{\"0\":800,\"1\":450,\"2\":2,\"3\":\"width=\\\"800\\\" height=\\\"450\\\"\",\"bits\":8,\"channels\":3,\"mime\":\"image\\\/jpeg\"}}},{\"pid\":\"934\",\"filename\":\"dsc_0034.jpg\",\"description\":\"\",\"alttext\":\"\",\"link\":null,\"imagedate\":\"2014-09-27 18:35:33\",\"hitcounter\":\"150\",\"total_value\":\"0\",\"total_votes\":\"0\",\"meta_data\":{\"aperture\":\"F 2.4\",\"credit\":false,\"camera\":\"C6603\",\"caption\":false,\"created_timestamp\":\"septiembre 27, 2014 6:35 pm\",\"copyright\":false,\"focal_length\":\"4.1 mm\",\"iso\":500,\"shutter_speed\":\"1\\\/50 sec\",\"flash\":\"Fired\",\"title\":false,\"keywords\":false,\"width\":800,\"height\":450,\"saved\":true,\"thumbnail\":{\"width\":100,\"height\":56},\"webview\":{\"0\":800,\"1\":450,\"2\":2,\"3\":\"width=\\\"800\\\" height=\\\"450\\\"\",\"bits\":8,\"channels\":3,\"mime\":\"image\\\/jpeg\"}}},{\"pid\":\"935\",\"filename\":\"dsc_0035.jpg\",\"description\":\"\",\"alttext\":\"\",\"link\":null,\"imagedate\":\"2014-09-27 18:35:43\",\"hitcounter\":\"140\",\"total_value\":\"0\",\"total_votes\":\"0\",\"meta_data\":{\"aperture\":\"F 2.4\",\"credit\":false,\"camera\":\"C6603\",\"caption\":false,\"created_timestamp\":\"septiembre 27, 2014 6:35 pm\",\"copyright\":false,\"focal_length\":\"4.1 mm\",\"iso\":320,\"shutter_speed\":\"1\\\/50 sec\",\"flash\":\"Fired\",\"title\":false,\"keywords\":false,\"width\":800,\"height\":450,\"saved\":true,\"thumbnail\":{\"width\":100,\"height\":56},\"webview\":{\"0\":800,\"1\":450,\"2\":2,\"3\":\"width=\\\"800\\\" height=\\\"450\\\"\",\"bits\":8,\"channels\":3,\"mime\":\"image\\\/jpeg\"}}}]}]}<\/script><\/div><noscript id=\"noscript_FlaGallery_sc1_93\"><img class=\"skip-lazy no-lazyload noLazy\" data-lazy-src=\"\" src =\"http:\/\/uni2ajesus.com\/wp-content\/flagallery\/asamblea-parroquial-2014\/dsc_0030.jpg\" alt=\"\" \/><img class=\"skip-lazy no-lazyload noLazy\" data-lazy-src=\"\" src =\"http:\/\/uni2ajesus.com\/wp-content\/flagallery\/asamblea-parroquial-2014\/dsc_0031.jpg\" alt=\"\" \/><img class=\"skip-lazy no-lazyload noLazy\" data-lazy-src=\"\" src =\"http:\/\/uni2ajesus.com\/wp-content\/flagallery\/asamblea-parroquial-2014\/dsc_0032.jpg\" alt=\"\" \/><img class=\"skip-lazy no-lazyload noLazy\" data-lazy-src=\"\" src =\"http:\/\/uni2ajesus.com\/wp-content\/flagallery\/asamblea-parroquial-2014\/dsc_0033.jpg\" alt=\"\" \/><img class=\"skip-lazy no-lazyload noLazy\" data-lazy-src=\"\" src =\"http:\/\/uni2ajesus.com\/wp-content\/flagallery\/asamblea-parroquial-2014\/dsc_0034.jpg\" alt=\"\" \/><img class=\"skip-lazy no-lazyload noLazy\" data-lazy-src=\"\" src =\"http:\/\/uni2ajesus.com\/wp-content\/flagallery\/asamblea-parroquial-2014\/dsc_0035.jpg\" alt=\"\" \/><\/noscript>\n","protected":false},"excerpt":{"rendered":"<p>Hemos participado en la asamblea parroquial que, como cada a\u00f1o, tiene lugar al comenzar el oto\u00f1o y el principio del curso. En ella hemos so\u00f1ado mejoras para nuestra parroquia y de nuestra comunidad del Esp\u00edritu Santo, sobre todo que podamos crear un consejo parroquial de j\u00f3venes. Adem\u00e1s, vamos a preparar el 50 aniversario de nuestra &hellip; <a href=\"http:\/\/uni2ajesus.com\/?p=399\" class=\"more-link\">Seguir leyendo <span class=\"screen-reader-text\">Asamblea parroquial 2014<\/span> <span class=\"meta-nav\">&rarr;<\/span><\/a><\/p>\n","protected":false},"author":2,"featured_media":0,"comment_status":"closed","ping_status":"open","sticky":false,"template":"","format":"standard","meta":{"footnotes":""},"categories":[46,37,49],"tags":[162,52],"class_list":["post-399","post","type-post","status-publish","format-standard","hentry","category-iglesia","category-comunidad-es","category-parroquia","tag-asamblea","tag-parroquia-de-san-andres"],"_links":{"self":[{"href":"http:\/\/uni2ajesus.com\/index.php?rest_route=\/wp\/v2\/posts\/399","targetHints":{"allow":["GET"]}}],"collection":[{"href":"http:\/\/uni2ajesus.com\/index.php?rest_route=\/wp\/v2\/posts"}],"about":[{"href":"http:\/\/uni2ajesus.com\/index.php?rest_route=\/wp\/v2\/types\/post"}],"author":[{"embeddable":true,"href":"http:\/\/uni2ajesus.com\/index.php?rest_route=\/wp\/v2\/users\/2"}],"replies":[{"embeddable":true,"href":"http:\/\/uni2ajesus.com\/index.php?rest_route=%2Fwp%2Fv2%2Fcomments&post=399"}],"version-history":[{"count":1,"href":"http:\/\/uni2ajesus.com\/index.php?rest_route=\/wp\/v2\/posts\/399\/revisions"}],"predecessor-version":[{"id":400,"href":"http:\/\/uni2ajesus.com\/index.php?rest_route=\/wp\/v2\/posts\/399\/revisions\/400"}],"wp:attachment":[{"href":"http:\/\/uni2ajesus.com\/index.php?rest_route=%2Fwp%2Fv2%2Fmedia&parent=399"}],"wp:term":[{"taxonomy":"category","embeddable":true,"href":"http:\/\/uni2ajesus.com\/index.php?rest_route=%2Fwp%2Fv2%2Fcategories&post=399"},{"taxonomy":"post_tag","embeddable":true,"href":"http:\/\/uni2ajesus.com\/index.php?rest_route=%2Fwp%2Fv2%2Ftags&post=399"}],"curies":[{"name":"wp","href":"https:\/\/api.w.org\/{rel}","templated":true}]}}