{"id":484,"date":"2014-11-16T07:56:39","date_gmt":"2014-11-16T07:56:39","guid":{"rendered":"http:\/\/uni2ajesus.com\/?p=484"},"modified":"2015-09-06T08:06:13","modified_gmt":"2015-09-06T08:06:13","slug":"festival-esperanzarte-2014","status":"publish","type":"post","link":"http:\/\/uni2ajesus.com\/?p=484","title":{"rendered":"Festival EsperanzARTE 2014"},"content":{"rendered":"<p>\u00a1Este a\u00f1o ha sido de nuevo el Festival EsperanzARTE en Zaragoza! Y all\u00ed est\u00e1bamos, apoyando esta iniciativa pastoral y evangelizadora que, en esta edici\u00f3n, ha contado con la presencia de Kikote, Pablo Sol\u00e1ns, el coro Cristo Rey, Voces y Guitarras, Carmen Sara Floriano y Luis Guitarra. Incluso, en los conciertos de la\u00a0ma\u00f1ana, se ha estrenado el grupo \u00abY Chord\u00bb, compuesto por Pablo, Daniel y Lolo, de nuestro grupo. Y como ma\u00f1ana son las Confirmaciones, Luis Guitarra\u00a0le ha dedicado una canci\u00f3n a Silvia. \u00a1\u00c1nimo, valientes, oramos por vosotros!<\/p>\n<div class=\"flagallery amron_skin\" id=\"FlaGallery_sc1_109\" ><script type=\"application\/json\" class=\"FlaGallery_sc1_109\">{\"settings\":{\"collectionThumbColumns\":\"3\",\"collectionThumbRecomendedWidth\":\"260\",\"collectionPreloaderColor\":\"#333333\",\"linkTargetWindow\":\"_blank\",\"thumbSpacing\":\"10\",\"tagsFilter\":\"1\",\"tagCloudSort\":\"1\",\"tagCloudAll\":\"All\",\"tagCloudAllTagPresented\":\"1\",\"tagCloudStartIndex\":\"0\",\"tagCloudTextColor\":\"#000000\",\"tagCloudBgColor\":\"#eeeeee\",\"collectionThumbHoverColor\":\"rgba(0, 0, 0, .7)\",\"collectionThumbContentBGColor\":\"rgba(245,245,245,1)\",\"collectionThumbTitleShow\":\"1\",\"collectionThumbTitleColor\":\"rgba(0,0,0,1)\",\"collectionThumbFontSize\":\"18\",\"collectionThumbDescriptionShow\":\"1\",\"collectionThumbDescriptionColor\":\"rgba(0,0,0,1)\",\"collectionThumbDescriptionFontSize\":\"15\",\"collectionReadMoreButtonLabel\":\"Read More\",\"collectionReadMoreButtonLabelColor\":\"rgba(255, 255, 255, 1)\",\"collectionReadMoreButtonBGColor\":\"rgba(0, 0, 0, 1)\",\"collectionReadMoreButtonLabelColorHover\":\"rgba(0, 0, 0, 1)\",\"collectionReadMoreButtonBGColorHover\":\"rgba(235,235,235,1)\",\"modaBgColor\":\"rgba(0,0,0,0.9)\",\"modalInfoBoxBgColor\":\"rgba(255,255,255,1)\",\"modalInfoBoxTitleTextColor\":\"rgba(0,0,0,1)\",\"modalInfoBoxTextColor\":\"rgba(70,70,70,1)\",\"infoBarExifEnable\":\"1\",\"infoBarCountersEnable\":\"1\",\"infoBarDateInfoEnable\":\"1\",\"lightBoxEnable\":\"1\",\"copyR_Protection\":\"1\",\"copyR_Alert\":\"Hello, this photo is mine!\",\"sliderScrollNavi\":\"0\",\"sliderNextPrevAnimation\":\"animation\",\"sliderPreloaderColor\":\"#ffffff\",\"sliderBgColor\":\"rgba(0,0,0,0.8)\",\"sliderHeaderFooterBgColor\":\"#000000\",\"sliderNavigationColor\":\"rgba(0,0,0,1)\",\"sliderNavigationIconColor\":\"rgba(255,255,255,1)\",\"sliderNavigationColorOver\":\"rgba(255,255,255,1)\",\"sliderNavigationIconColorOver\":\"rgba(0,0,0,1)\",\"sliderItemTitleEnable\":\"1\",\"sliderItemTitleFontSize\":\"24\",\"sliderItemTitleTextColor\":\"#ffffff\",\"sliderThumbBarEnable\":\"1\",\"sliderThumbBarHoverColor\":\"#ffffff\",\"sliderThumbSubMenuBackgroundColor\":\"rgba(0,0,0,1)\",\"sliderThumbSubMenuBackgroundColorOver\":\"rgba(255,255,255,1)\",\"sliderThumbSubMenuIconColor\":\"rgba(255,255,255,1)\",\"sliderThumbSubMenuIconHoverColor\":\"rgba(0,0,0,1)\",\"sliderPlayButton\":\"1\",\"slideshowDelay\":\"8\",\"slideshowProgressBarColor\":\"rgba(255,255,255,1)\",\"slideshowProgressBarBGColor\":\"rgba(255,255,255,0.6)\",\"sliderInfoEnable\":\"1\",\"sliderZoomButton\":\"1\",\"sliderItemDownload\":\"1\",\"sliderSocialShareEnabled\":\"1\",\"sliderLikesEnabled\":\"1\",\"sliderFullScreen\":\"1\",\"customCSS\":\"\",\"key\":\"\",\"name\":\"\",\"galleryID\":\"sc1_109\",\"post_url\":\"http:\\\/\\\/uni2ajesus.com?rest_route=%2Fwp%2Fv2%2Fposts%2F484\",\"module_url\":\"http:\\\/\\\/uni2ajesus.com\\\/wp-content\\\/plugins\\\/flagallery-skins\\\/amron\\\/\"}, \"data\":[{\"gallery\":{\"gid\":\"109\",\"name\":\"festival-esperanzarte-2014\",\"path\":\"http:\\\/\\\/uni2ajesus.com\\\/wp-content\\\/flagallery\\\/festival-esperanzarte-2014\",\"title\":\"Festival EsperanzARTE 2014\",\"galdesc\":\"\"},\"data\":[{\"pid\":\"1155\",\"filename\":\"2014_11_13_3702jys.jpg\",\"description\":\"????????????????????????????????????\",\"alttext\":\"\",\"link\":null,\"imagedate\":\"2014-11-13 12:54:34\",\"hitcounter\":\"72\",\"total_value\":\"0\",\"total_votes\":\"0\",\"meta_data\":{\"aperture\":\"F 5\",\"credit\":false,\"camera\":\"NIKON D90\",\"caption\":\"????????????????????????????????????\",\"created_timestamp\":\"noviembre 13, 2014 12:54 pm\",\"copyright\":false,\"focal_length\":\"34 mm\",\"iso\":400,\"shutter_speed\":\"1\\\/30 sec\",\"flash\":\"Not fired\",\"title\":false,\"keywords\":false,\"width\":800,\"height\":531,\"saved\":true,\"thumbnail\":{\"width\":100,\"height\":66},\"webview\":{\"0\":800,\"1\":531,\"2\":2,\"3\":\"width=\\\"800\\\" height=\\\"531\\\"\",\"bits\":8,\"channels\":3,\"mime\":\"image\\\/jpeg\"}}},{\"pid\":\"1156\",\"filename\":\"2014_11_13_3711jys.jpg\",\"description\":\"????????????????????????????????????\",\"alttext\":\"\",\"link\":null,\"imagedate\":\"2014-11-13 13:02:07\",\"hitcounter\":\"43\",\"total_value\":\"0\",\"total_votes\":\"0\",\"meta_data\":{\"aperture\":\"F 5.6\",\"credit\":false,\"camera\":\"NIKON D90\",\"caption\":\"????????????????????????????????????\",\"created_timestamp\":\"noviembre 13, 2014 1:02 pm\",\"copyright\":false,\"focal_length\":\"92 mm\",\"iso\":720,\"shutter_speed\":\"1\\\/30 sec\",\"flash\":false,\"title\":false,\"keywords\":false,\"width\":800,\"height\":531,\"saved\":true,\"thumbnail\":{\"width\":100,\"height\":66},\"webview\":{\"0\":800,\"1\":531,\"2\":2,\"3\":\"width=\\\"800\\\" height=\\\"531\\\"\",\"bits\":8,\"channels\":3,\"mime\":\"image\\\/jpeg\"}}},{\"pid\":\"1157\",\"filename\":\"2014_11_13_3721jys.jpg\",\"description\":\"????????????????????????????????????\",\"alttext\":\"\",\"link\":null,\"imagedate\":\"2014-11-13 13:26:03\",\"hitcounter\":\"37\",\"total_value\":\"0\",\"total_votes\":\"0\",\"meta_data\":{\"aperture\":\"F 5.6\",\"credit\":false,\"camera\":\"NIKON D90\",\"caption\":\"????????????????????????????????????\",\"created_timestamp\":\"noviembre 13, 2014 1:26 pm\",\"copyright\":false,\"focal_length\":\"92 mm\",\"iso\":1100,\"shutter_speed\":\"1\\\/30 sec\",\"flash\":false,\"title\":false,\"keywords\":false,\"width\":800,\"height\":531,\"saved\":true,\"thumbnail\":{\"width\":100,\"height\":66},\"webview\":{\"0\":800,\"1\":531,\"2\":2,\"3\":\"width=\\\"800\\\" height=\\\"531\\\"\",\"bits\":8,\"channels\":3,\"mime\":\"image\\\/jpeg\"}}},{\"pid\":\"1158\",\"filename\":\"2014_11_13_3755jys.jpg\",\"description\":\"????????????????????????????????????\",\"alttext\":\"\",\"link\":null,\"imagedate\":\"2014-11-13 17:05:46\",\"hitcounter\":\"24\",\"total_value\":\"0\",\"total_votes\":\"0\",\"meta_data\":{\"aperture\":\"F 5.3\",\"credit\":false,\"camera\":\"NIKON D90\",\"caption\":\"????????????????????????????????????\",\"created_timestamp\":\"noviembre 13, 2014 5:05 pm\",\"copyright\":false,\"focal_length\":\"70 mm\",\"iso\":400,\"shutter_speed\":\"1\\\/30 sec\",\"flash\":\"Fired\",\"title\":false,\"keywords\":false,\"width\":800,\"height\":531,\"saved\":true,\"thumbnail\":{\"width\":100,\"height\":66},\"webview\":{\"0\":800,\"1\":531,\"2\":2,\"3\":\"width=\\\"800\\\" height=\\\"531\\\"\",\"bits\":8,\"channels\":3,\"mime\":\"image\\\/jpeg\"}}},{\"pid\":\"1159\",\"filename\":\"2014_11_14_3833jys.jpg\",\"description\":\"????????????????????????????????????\",\"alttext\":\"\",\"link\":null,\"imagedate\":\"2014-11-14 14:50:14\",\"hitcounter\":\"21\",\"total_value\":\"0\",\"total_votes\":\"0\",\"meta_data\":{\"aperture\":\"F 5.6\",\"credit\":false,\"camera\":\"NIKON D90\",\"caption\":\"????????????????????????????????????\",\"created_timestamp\":\"noviembre 14, 2014 2:50 pm\",\"copyright\":false,\"focal_length\":\"105 mm\",\"iso\":2000,\"shutter_speed\":\"1\\\/30 sec\",\"flash\":false,\"title\":false,\"keywords\":false,\"width\":800,\"height\":531,\"saved\":true,\"thumbnail\":{\"width\":100,\"height\":66},\"webview\":{\"0\":800,\"1\":531,\"2\":2,\"3\":\"width=\\\"800\\\" height=\\\"531\\\"\",\"bits\":8,\"channels\":3,\"mime\":\"image\\\/jpeg\"}}},{\"pid\":\"1160\",\"filename\":\"2014_11_14_3859jys.jpg\",\"description\":\"????????????????????????????????????\",\"alttext\":\"\",\"link\":null,\"imagedate\":\"2014-11-14 23:07:01\",\"hitcounter\":\"19\",\"total_value\":\"0\",\"total_votes\":\"0\",\"meta_data\":{\"aperture\":\"F 4.8\",\"credit\":false,\"camera\":\"NIKON D90\",\"caption\":\"????????????????????????????????????\",\"created_timestamp\":\"noviembre 14, 2014 11:07 pm\",\"copyright\":false,\"focal_length\":\"45 mm\",\"iso\":400,\"shutter_speed\":\"1\\\/30 sec\",\"flash\":false,\"title\":false,\"keywords\":false,\"width\":800,\"height\":531,\"saved\":true,\"thumbnail\":{\"width\":100,\"height\":66},\"webview\":{\"0\":800,\"1\":531,\"2\":2,\"3\":\"width=\\\"800\\\" height=\\\"531\\\"\",\"bits\":8,\"channels\":3,\"mime\":\"image\\\/jpeg\"}}},{\"pid\":\"1161\",\"filename\":\"2014_11_14_3862jys.jpg\",\"description\":\"????????????????????????????????????\",\"alttext\":\"\",\"link\":null,\"imagedate\":\"2014-11-14 23:08:26\",\"hitcounter\":\"20\",\"total_value\":\"0\",\"total_votes\":\"0\",\"meta_data\":{\"aperture\":\"F 5.3\",\"credit\":false,\"camera\":\"NIKON D90\",\"caption\":\"????????????????????????????????????\",\"created_timestamp\":\"noviembre 14, 2014 11:08 pm\",\"copyright\":false,\"focal_length\":\"62 mm\",\"iso\":900,\"shutter_speed\":\"1\\\/30 sec\",\"flash\":false,\"title\":false,\"keywords\":false,\"width\":800,\"height\":531,\"saved\":true,\"thumbnail\":{\"width\":100,\"height\":66},\"webview\":{\"0\":800,\"1\":531,\"2\":2,\"3\":\"width=\\\"800\\\" height=\\\"531\\\"\",\"bits\":8,\"channels\":3,\"mime\":\"image\\\/jpeg\"}}},{\"pid\":\"1162\",\"filename\":\"2014_11_14_3866jys.jpg\",\"description\":\"????????????????????????????????????\",\"alttext\":\"\",\"link\":null,\"imagedate\":\"2014-11-14 23:21:51\",\"hitcounter\":\"18\",\"total_value\":\"0\",\"total_votes\":\"0\",\"meta_data\":{\"aperture\":\"F 5.6\",\"credit\":false,\"camera\":\"NIKON D90\",\"caption\":\"????????????????????????????????????\",\"created_timestamp\":\"noviembre 14, 2014 11:21 pm\",\"copyright\":false,\"focal_length\":\"105 mm\",\"iso\":400,\"shutter_speed\":\"1\\\/40 sec\",\"flash\":\"Not fired\",\"title\":false,\"keywords\":false,\"width\":800,\"height\":531,\"saved\":true,\"thumbnail\":{\"width\":100,\"height\":66},\"webview\":{\"0\":800,\"1\":531,\"2\":2,\"3\":\"width=\\\"800\\\" height=\\\"531\\\"\",\"bits\":8,\"channels\":3,\"mime\":\"image\\\/jpeg\"}}},{\"pid\":\"1163\",\"filename\":\"2014_11_15_3870jys.jpg\",\"description\":\"????????????????????????????????????\",\"alttext\":\"\",\"link\":null,\"imagedate\":\"2014-11-15 00:12:35\",\"hitcounter\":\"18\",\"total_value\":\"0\",\"total_votes\":\"0\",\"meta_data\":{\"aperture\":\"F 4.5\",\"credit\":false,\"camera\":\"NIKON D90\",\"caption\":\"????????????????????????????????????\",\"created_timestamp\":\"noviembre 15, 2014 12:12 am\",\"copyright\":false,\"focal_length\":\"35 mm\",\"iso\":400,\"shutter_speed\":\"1\\\/30 sec\",\"flash\":\"Fired\",\"title\":false,\"keywords\":false,\"width\":800,\"height\":531,\"saved\":true,\"thumbnail\":{\"width\":100,\"height\":66},\"webview\":{\"0\":800,\"1\":531,\"2\":2,\"3\":\"width=\\\"800\\\" height=\\\"531\\\"\",\"bits\":8,\"channels\":3,\"mime\":\"image\\\/jpeg\"}}},{\"pid\":\"1164\",\"filename\":\"2014_11_15_3872jys.jpg\",\"description\":\"????????????????????????????????????\",\"alttext\":\"\",\"link\":null,\"imagedate\":\"2014-11-15 00:13:03\",\"hitcounter\":\"16\",\"total_value\":\"0\",\"total_votes\":\"0\",\"meta_data\":{\"aperture\":\"F 5.6\",\"credit\":false,\"camera\":\"NIKON D90\",\"caption\":\"????????????????????????????????????\",\"created_timestamp\":\"noviembre 15, 2014 12:13 am\",\"copyright\":false,\"focal_length\":\"90 mm\",\"iso\":400,\"shutter_speed\":\"1\\\/30 sec\",\"flash\":\"Fired\",\"title\":false,\"keywords\":false,\"width\":800,\"height\":531,\"saved\":true,\"thumbnail\":{\"width\":100,\"height\":66},\"webview\":{\"0\":800,\"1\":531,\"2\":2,\"3\":\"width=\\\"800\\\" height=\\\"531\\\"\",\"bits\":8,\"channels\":3,\"mime\":\"image\\\/jpeg\"}}},{\"pid\":\"1165\",\"filename\":\"2014_11_15_3875jys.jpg\",\"description\":\"????????????????????????????????????\",\"alttext\":\"\",\"link\":null,\"imagedate\":\"2014-11-15 00:33:49\",\"hitcounter\":\"19\",\"total_value\":\"0\",\"total_votes\":\"0\",\"meta_data\":{\"aperture\":\"F 3.5\",\"credit\":false,\"camera\":\"NIKON D90\",\"caption\":\"????????????????????????????????????\",\"created_timestamp\":\"noviembre 15, 2014 12:33 am\",\"copyright\":false,\"focal_length\":\"18 mm\",\"iso\":400,\"shutter_speed\":\"1\\\/30 sec\",\"flash\":\"Fired\",\"title\":false,\"keywords\":false,\"width\":800,\"height\":531,\"saved\":true,\"thumbnail\":{\"width\":100,\"height\":66},\"webview\":{\"0\":800,\"1\":531,\"2\":2,\"3\":\"width=\\\"800\\\" height=\\\"531\\\"\",\"bits\":8,\"channels\":3,\"mime\":\"image\\\/jpeg\"}}},{\"pid\":\"1166\",\"filename\":\"2014_11_15_3877jys.jpg\",\"description\":\"????????????????????????????????????\",\"alttext\":\"\",\"link\":null,\"imagedate\":\"2014-11-15 00:34:38\",\"hitcounter\":\"20\",\"total_value\":\"0\",\"total_votes\":\"0\",\"meta_data\":{\"aperture\":\"F 3.5\",\"credit\":false,\"camera\":\"NIKON D90\",\"caption\":\"????????????????????????????????????\",\"created_timestamp\":\"noviembre 15, 2014 12:34 am\",\"copyright\":false,\"focal_length\":\"18 mm\",\"iso\":400,\"shutter_speed\":\"1\\\/30 sec\",\"flash\":\"Fired\",\"title\":false,\"keywords\":false,\"width\":800,\"height\":531,\"saved\":true,\"thumbnail\":{\"width\":100,\"height\":66},\"webview\":{\"0\":800,\"1\":531,\"2\":2,\"3\":\"width=\\\"800\\\" height=\\\"531\\\"\",\"bits\":8,\"channels\":3,\"mime\":\"image\\\/jpeg\"}}},{\"pid\":\"1167\",\"filename\":\"2014_11_15_3878jys.jpg\",\"description\":\"????????????????????????????????????\",\"alttext\":\"\",\"link\":null,\"imagedate\":\"2014-11-15 00:34:41\",\"hitcounter\":\"17\",\"total_value\":\"0\",\"total_votes\":\"0\",\"meta_data\":{\"aperture\":\"F 5\",\"credit\":false,\"camera\":\"NIKON D90\",\"caption\":\"????????????????????????????????????\",\"created_timestamp\":\"noviembre 15, 2014 12:34 am\",\"copyright\":false,\"focal_length\":\"52 mm\",\"iso\":400,\"shutter_speed\":\"1\\\/30 sec\",\"flash\":\"Fired\",\"title\":false,\"keywords\":false,\"width\":800,\"height\":531,\"saved\":true,\"thumbnail\":{\"width\":100,\"height\":66},\"webview\":{\"0\":800,\"1\":531,\"2\":2,\"3\":\"width=\\\"800\\\" height=\\\"531\\\"\",\"bits\":8,\"channels\":3,\"mime\":\"image\\\/jpeg\"}}},{\"pid\":\"1168\",\"filename\":\"dsc_0247.jpg\",\"description\":\"\",\"alttext\":\"\",\"link\":null,\"imagedate\":\"2014-11-14 12:59:22\",\"hitcounter\":\"31\",\"total_value\":\"0\",\"total_votes\":\"0\",\"meta_data\":{\"aperture\":\"F 2.4\",\"credit\":false,\"camera\":\"C6603\",\"caption\":false,\"created_timestamp\":\"noviembre 14, 2014 12:59 pm\",\"copyright\":false,\"focal_length\":\"4.1 mm\",\"iso\":640,\"shutter_speed\":\"1\\\/40 sec\",\"flash\":\"Fired\",\"title\":false,\"keywords\":false,\"width\":800,\"height\":450,\"saved\":true,\"thumbnail\":{\"width\":100,\"height\":56},\"webview\":{\"0\":800,\"1\":450,\"2\":2,\"3\":\"width=\\\"800\\\" height=\\\"450\\\"\",\"bits\":8,\"channels\":3,\"mime\":\"image\\\/jpeg\"}}}]}]}<\/script><\/div><noscript id=\"noscript_FlaGallery_sc1_109\"><img class=\"skip-lazy no-lazyload noLazy\" data-lazy-src=\"\" src =\"http:\/\/uni2ajesus.com\/wp-content\/flagallery\/festival-esperanzarte-2014\/2014_11_13_3702jys.jpg\" alt=\"\" \/><img class=\"skip-lazy no-lazyload noLazy\" data-lazy-src=\"\" src =\"http:\/\/uni2ajesus.com\/wp-content\/flagallery\/festival-esperanzarte-2014\/2014_11_13_3711jys.jpg\" alt=\"\" \/><img class=\"skip-lazy no-lazyload noLazy\" data-lazy-src=\"\" src =\"http:\/\/uni2ajesus.com\/wp-content\/flagallery\/festival-esperanzarte-2014\/2014_11_13_3721jys.jpg\" alt=\"\" \/><img class=\"skip-lazy no-lazyload noLazy\" data-lazy-src=\"\" src =\"http:\/\/uni2ajesus.com\/wp-content\/flagallery\/festival-esperanzarte-2014\/2014_11_13_3755jys.jpg\" alt=\"\" \/><img class=\"skip-lazy no-lazyload noLazy\" data-lazy-src=\"\" src =\"http:\/\/uni2ajesus.com\/wp-content\/flagallery\/festival-esperanzarte-2014\/2014_11_14_3833jys.jpg\" alt=\"\" \/><img class=\"skip-lazy no-lazyload noLazy\" data-lazy-src=\"\" src =\"http:\/\/uni2ajesus.com\/wp-content\/flagallery\/festival-esperanzarte-2014\/2014_11_14_3859jys.jpg\" alt=\"\" \/><img class=\"skip-lazy no-lazyload noLazy\" data-lazy-src=\"\" src =\"http:\/\/uni2ajesus.com\/wp-content\/flagallery\/festival-esperanzarte-2014\/2014_11_14_3862jys.jpg\" alt=\"\" \/><img class=\"skip-lazy no-lazyload noLazy\" data-lazy-src=\"\" src =\"http:\/\/uni2ajesus.com\/wp-content\/flagallery\/festival-esperanzarte-2014\/2014_11_14_3866jys.jpg\" alt=\"\" \/><img class=\"skip-lazy no-lazyload noLazy\" data-lazy-src=\"\" src =\"http:\/\/uni2ajesus.com\/wp-content\/flagallery\/festival-esperanzarte-2014\/2014_11_15_3870jys.jpg\" alt=\"\" \/><img class=\"skip-lazy no-lazyload noLazy\" data-lazy-src=\"\" src =\"http:\/\/uni2ajesus.com\/wp-content\/flagallery\/festival-esperanzarte-2014\/2014_11_15_3872jys.jpg\" alt=\"\" \/><img class=\"skip-lazy no-lazyload noLazy\" data-lazy-src=\"\" src =\"http:\/\/uni2ajesus.com\/wp-content\/flagallery\/festival-esperanzarte-2014\/2014_11_15_3875jys.jpg\" alt=\"\" \/><img class=\"skip-lazy no-lazyload noLazy\" data-lazy-src=\"\" src =\"http:\/\/uni2ajesus.com\/wp-content\/flagallery\/festival-esperanzarte-2014\/2014_11_15_3877jys.jpg\" alt=\"\" \/><img class=\"skip-lazy no-lazyload noLazy\" data-lazy-src=\"\" src =\"http:\/\/uni2ajesus.com\/wp-content\/flagallery\/festival-esperanzarte-2014\/2014_11_15_3878jys.jpg\" alt=\"\" \/><img class=\"skip-lazy no-lazyload noLazy\" data-lazy-src=\"\" src =\"http:\/\/uni2ajesus.com\/wp-content\/flagallery\/festival-esperanzarte-2014\/dsc_0247.jpg\" alt=\"\" \/><\/noscript>\n","protected":false},"excerpt":{"rendered":"<p>\u00a1Este a\u00f1o ha sido de nuevo el Festival EsperanzARTE en Zaragoza! Y all\u00ed est\u00e1bamos, apoyando esta iniciativa pastoral y evangelizadora que, en esta edici\u00f3n, ha contado con la presencia de Kikote, Pablo Sol\u00e1ns, el coro Cristo Rey, Voces y Guitarras, Carmen Sara Floriano y Luis Guitarra. Incluso, en los conciertos de la\u00a0ma\u00f1ana, se ha estrenado &hellip; <a href=\"http:\/\/uni2ajesus.com\/?p=484\" class=\"more-link\">Seguir leyendo <span class=\"screen-reader-text\">Festival EsperanzARTE 2014<\/span> <span class=\"meta-nav\">&rarr;<\/span><\/a><\/p>\n","protected":false},"author":2,"featured_media":485,"comment_status":"closed","ping_status":"open","sticky":false,"template":"","format":"standard","meta":{"footnotes":""},"categories":[27,26],"tags":[177,66,175,174,173,141,103,176],"class_list":["post-484","post","type-post","status-publish","format-standard","has-post-thumbnail","hentry","category-cultura","category-esperanzarte","tag-coro-cristo-rey","tag-festival-esperanzarte","tag-juan-yzuel","tag-kikote","tag-luis-guitarra","tag-musica","tag-voces-y-guitarras","tag-y-chord"],"_links":{"self":[{"href":"http:\/\/uni2ajesus.com\/index.php?rest_route=\/wp\/v2\/posts\/484","targetHints":{"allow":["GET"]}}],"collection":[{"href":"http:\/\/uni2ajesus.com\/index.php?rest_route=\/wp\/v2\/posts"}],"about":[{"href":"http:\/\/uni2ajesus.com\/index.php?rest_route=\/wp\/v2\/types\/post"}],"author":[{"embeddable":true,"href":"http:\/\/uni2ajesus.com\/index.php?rest_route=\/wp\/v2\/users\/2"}],"replies":[{"embeddable":true,"href":"http:\/\/uni2ajesus.com\/index.php?rest_route=%2Fwp%2Fv2%2Fcomments&post=484"}],"version-history":[{"count":1,"href":"http:\/\/uni2ajesus.com\/index.php?rest_route=\/wp\/v2\/posts\/484\/revisions"}],"predecessor-version":[{"id":486,"href":"http:\/\/uni2ajesus.com\/index.php?rest_route=\/wp\/v2\/posts\/484\/revisions\/486"}],"wp:featuredmedia":[{"embeddable":true,"href":"http:\/\/uni2ajesus.com\/index.php?rest_route=\/wp\/v2\/media\/485"}],"wp:attachment":[{"href":"http:\/\/uni2ajesus.com\/index.php?rest_route=%2Fwp%2Fv2%2Fmedia&parent=484"}],"wp:term":[{"taxonomy":"category","embeddable":true,"href":"http:\/\/uni2ajesus.com\/index.php?rest_route=%2Fwp%2Fv2%2Fcategories&post=484"},{"taxonomy":"post_tag","embeddable":true,"href":"http:\/\/uni2ajesus.com\/index.php?rest_route=%2Fwp%2Fv2%2Ftags&post=484"}],"curies":[{"name":"wp","href":"https:\/\/api.w.org\/{rel}","templated":true}]}}