{"id":659,"date":"2022-12-08T12:29:21","date_gmt":"2022-12-08T10:29:21","guid":{"rendered":"http:\/\/uni2ajesus.com\/?p=659"},"modified":"2023-01-12T12:54:41","modified_gmt":"2023-01-12T10:54:41","slug":"a-los-pies-de-jesus","status":"publish","type":"post","link":"http:\/\/uni2ajesus.com\/?p=659","title":{"rendered":"A los pies de Jes\u00fas"},"content":{"rendered":"\n<p>En los \u00faltimos dos cursos hemos estado enfatizando la necesidad de orar juntos ante el Se\u00f1or. Esto se ha concretado en nuestra oraci\u00f3n-adoraci\u00f3n mensual, los primeros jueves del mes, que abrimos a toda la comunidad del Esp\u00edritu Santo, nuestra iglesia.<\/p>\n\n\n\n<p>Estar a los pies de Jes\u00fas es imprescindible si queremos crecer en la fe, el amor y la esperanza. Pero, a la vez, es el momento en el que hemos de volcar nuestros intentos por llevar una vida de oraci\u00f3n personal y familiar. No es f\u00e1cil, en este mundo de tanto ruido y ventanas abiertas en el que vivimos. <\/p>\n\n\n\n<p>Marta y Mar\u00eda: he ah\u00ed el gran reto de nuestra vida, la tensi\u00f3n permanente entre acci\u00f3n y contemplaci\u00f3n, compromiso y oraci\u00f3n. <\/p>\n\n\n\n<p>Este Adviento, en medio de una situaci\u00f3n marcada por la emergencia clim\u00e1tica, la guerra de Ucrania y la crisis energ\u00e9tica y econ\u00f3mica que esta ha provocado, miramos a Jes\u00fas confiados y en actitud de intercesi\u00f3n por el mundo entero.<\/p>\n\n\n\n<p><\/p>\n","protected":false},"excerpt":{"rendered":"<p>En los \u00faltimos dos cursos hemos estado enfatizando la necesidad de orar juntos ante el Se\u00f1or. Esto se ha concretado en nuestra oraci\u00f3n-adoraci\u00f3n mensual, los primeros jueves del mes, que abrimos a toda la comunidad del Esp\u00edritu Santo, nuestra iglesia. Estar a los pies de Jes\u00fas es imprescindible si queremos crecer en la fe, el &hellip; <a href=\"http:\/\/uni2ajesus.com\/?p=659\" class=\"more-link\">Seguir leyendo <span class=\"screen-reader-text\">A los pies de Jes\u00fas<\/span> <span class=\"meta-nav\">&rarr;<\/span><\/a><\/p>\n","protected":false},"author":2,"featured_media":660,"comment_status":"closed","ping_status":"open","sticky":false,"template":"","format":"standard","meta":{"footnotes":""},"categories":[216,25],"tags":[217,144,6],"class_list":["post-659","post","type-post","status-publish","format-standard","has-post-thumbnail","hentry","category-adoracion-mensual","category-oracion","tag-adoracion","tag-oracion","tag-uni2-a-jesus-2"],"_links":{"self":[{"href":"http:\/\/uni2ajesus.com\/index.php?rest_route=\/wp\/v2\/posts\/659","targetHints":{"allow":["GET"]}}],"collection":[{"href":"http:\/\/uni2ajesus.com\/index.php?rest_route=\/wp\/v2\/posts"}],"about":[{"href":"http:\/\/uni2ajesus.com\/index.php?rest_route=\/wp\/v2\/types\/post"}],"author":[{"embeddable":true,"href":"http:\/\/uni2ajesus.com\/index.php?rest_route=\/wp\/v2\/users\/2"}],"replies":[{"embeddable":true,"href":"http:\/\/uni2ajesus.com\/index.php?rest_route=%2Fwp%2Fv2%2Fcomments&post=659"}],"version-history":[{"count":1,"href":"http:\/\/uni2ajesus.com\/index.php?rest_route=\/wp\/v2\/posts\/659\/revisions"}],"predecessor-version":[{"id":661,"href":"http:\/\/uni2ajesus.com\/index.php?rest_route=\/wp\/v2\/posts\/659\/revisions\/661"}],"wp:featuredmedia":[{"embeddable":true,"href":"http:\/\/uni2ajesus.com\/index.php?rest_route=\/wp\/v2\/media\/660"}],"wp:attachment":[{"href":"http:\/\/uni2ajesus.com\/index.php?rest_route=%2Fwp%2Fv2%2Fmedia&parent=659"}],"wp:term":[{"taxonomy":"category","embeddable":true,"href":"http:\/\/uni2ajesus.com\/index.php?rest_route=%2Fwp%2Fv2%2Fcategories&post=659"},{"taxonomy":"post_tag","embeddable":true,"href":"http:\/\/uni2ajesus.com\/index.php?rest_route=%2Fwp%2Fv2%2Ftags&post=659"}],"curies":[{"name":"wp","href":"https:\/\/api.w.org\/{rel}","templated":true}]}}