{"id":294,"date":"2011-10-13T08:23:41","date_gmt":"2011-10-13T08:23:41","guid":{"rendered":"http:\/\/uni2ajesus.com\/?p=294"},"modified":"2014-07-30T08:27:55","modified_gmt":"2014-07-30T08:27:55","slug":"comienzo-del-curso-2011-2012","status":"publish","type":"post","link":"https:\/\/uni2ajesus.com\/?p=294","title":{"rendered":"Comienzo del curso 2011-2012"},"content":{"rendered":"<p>El comienzo del curso 2011-12 ha estado marcado por el env\u00edo de los catequistas y, en el mismo d\u00eda del Pilar, por la presentaci\u00f3n a nuestra comunidad de Fernando Urdiola, sacerdote\u00a0reci\u00e9n llegado a nuestra parroquia que ayudar\u00e1 a Jos\u00e9 \u00c1ngel en las tareas de nuestra comunidad. \u00a1Que el Se\u00f1or nos bendiga en este nuevo curso!<\/p>\n<div class=\"flagallery amron_skin\" id=\"FlaGallery_sc1_63\" ><script type=\"application\/json\" class=\"FlaGallery_sc1_63\">{\"settings\":{\"collectionThumbColumns\":\"3\",\"collectionThumbRecomendedWidth\":\"260\",\"collectionPreloaderColor\":\"#333333\",\"linkTargetWindow\":\"_blank\",\"thumbSpacing\":\"10\",\"tagsFilter\":\"1\",\"tagCloudSort\":\"1\",\"tagCloudAll\":\"All\",\"tagCloudAllTagPresented\":\"1\",\"tagCloudStartIndex\":\"0\",\"tagCloudTextColor\":\"#000000\",\"tagCloudBgColor\":\"#eeeeee\",\"collectionThumbHoverColor\":\"rgba(0, 0, 0, .7)\",\"collectionThumbContentBGColor\":\"rgba(245,245,245,1)\",\"collectionThumbTitleShow\":\"1\",\"collectionThumbTitleColor\":\"rgba(0,0,0,1)\",\"collectionThumbFontSize\":\"18\",\"collectionThumbDescriptionShow\":\"1\",\"collectionThumbDescriptionColor\":\"rgba(0,0,0,1)\",\"collectionThumbDescriptionFontSize\":\"15\",\"collectionReadMoreButtonLabel\":\"Read More\",\"collectionReadMoreButtonLabelColor\":\"rgba(255, 255, 255, 1)\",\"collectionReadMoreButtonBGColor\":\"rgba(0, 0, 0, 1)\",\"collectionReadMoreButtonLabelColorHover\":\"rgba(0, 0, 0, 1)\",\"collectionReadMoreButtonBGColorHover\":\"rgba(235,235,235,1)\",\"modaBgColor\":\"rgba(0,0,0,0.9)\",\"modalInfoBoxBgColor\":\"rgba(255,255,255,1)\",\"modalInfoBoxTitleTextColor\":\"rgba(0,0,0,1)\",\"modalInfoBoxTextColor\":\"rgba(70,70,70,1)\",\"infoBarExifEnable\":\"1\",\"infoBarCountersEnable\":\"1\",\"infoBarDateInfoEnable\":\"1\",\"lightBoxEnable\":\"1\",\"copyR_Protection\":\"1\",\"copyR_Alert\":\"Hello, this photo is mine!\",\"sliderScrollNavi\":\"0\",\"sliderNextPrevAnimation\":\"animation\",\"sliderPreloaderColor\":\"#ffffff\",\"sliderBgColor\":\"rgba(0,0,0,0.8)\",\"sliderHeaderFooterBgColor\":\"#000000\",\"sliderNavigationColor\":\"rgba(0,0,0,1)\",\"sliderNavigationIconColor\":\"rgba(255,255,255,1)\",\"sliderNavigationColorOver\":\"rgba(255,255,255,1)\",\"sliderNavigationIconColorOver\":\"rgba(0,0,0,1)\",\"sliderItemTitleEnable\":\"1\",\"sliderItemTitleFontSize\":\"24\",\"sliderItemTitleTextColor\":\"#ffffff\",\"sliderThumbBarEnable\":\"1\",\"sliderThumbBarHoverColor\":\"#ffffff\",\"sliderThumbSubMenuBackgroundColor\":\"rgba(0,0,0,1)\",\"sliderThumbSubMenuBackgroundColorOver\":\"rgba(255,255,255,1)\",\"sliderThumbSubMenuIconColor\":\"rgba(255,255,255,1)\",\"sliderThumbSubMenuIconHoverColor\":\"rgba(0,0,0,1)\",\"sliderPlayButton\":\"1\",\"slideshowDelay\":\"8\",\"slideshowProgressBarColor\":\"rgba(255,255,255,1)\",\"slideshowProgressBarBGColor\":\"rgba(255,255,255,0.6)\",\"sliderInfoEnable\":\"1\",\"sliderZoomButton\":\"1\",\"sliderItemDownload\":\"1\",\"sliderSocialShareEnabled\":\"1\",\"sliderLikesEnabled\":\"1\",\"sliderFullScreen\":\"1\",\"customCSS\":\"\",\"key\":\"\",\"name\":\"\",\"galleryID\":\"sc1_63\",\"post_url\":\"https:\\\/\\\/uni2ajesus.com?rest_route=%2Fwp%2Fv2%2Fposts%2F294\",\"module_url\":\"https:\\\/\\\/uni2ajesus.com\\\/wp-content\\\/plugins\\\/flagallery-skins\\\/amron\\\/\"}, \"data\":[{\"gallery\":{\"gid\":\"63\",\"name\":\"envio-de-catequistas-y-llegada-de-fernando\",\"path\":\"https:\\\/\\\/uni2ajesus.com\\\/wp-content\\\/flagallery\\\/envio-de-catequistas-y-llegada-de-fernando\",\"title\":\"Env\\u00edo de catequistas y llegada de Fernando\",\"galdesc\":\"\"},\"data\":[{\"pid\":\"647\",\"filename\":\"111009_070_jys.jpg\",\"description\":\"\",\"alttext\":\"\",\"link\":null,\"imagedate\":\"2011-10-09 13:04:29\",\"hitcounter\":\"81\",\"total_value\":\"0\",\"total_votes\":\"0\",\"meta_data\":{\"aperture\":\"F 5\",\"credit\":false,\"camera\":\"NIKON D90\",\"caption\":false,\"created_timestamp\":\"octubre 9, 2011 1:04 pm\",\"copyright\":false,\"focal_length\":\"18 mm\",\"iso\":400,\"shutter_speed\":\"1\\\/30 sec\",\"flash\":\"Not fired\",\"title\":false,\"keywords\":false,\"width\":800,\"height\":531,\"saved\":true,\"thumbnail\":{\"width\":100,\"height\":66},\"webview\":{\"0\":800,\"1\":531,\"2\":2,\"3\":\"width=\\\"800\\\" height=\\\"531\\\"\",\"bits\":8,\"channels\":3,\"mime\":\"image\\\/jpeg\"}}},{\"pid\":\"648\",\"filename\":\"111009_071_jys.jpg\",\"description\":\"\",\"alttext\":\"\",\"link\":null,\"imagedate\":\"2011-10-09 13:05:00\",\"hitcounter\":\"65\",\"total_value\":\"0\",\"total_votes\":\"0\",\"meta_data\":{\"aperture\":\"F 5.6\",\"credit\":false,\"camera\":\"NIKON D90\",\"caption\":false,\"created_timestamp\":\"octubre 9, 2011 1:05 pm\",\"copyright\":false,\"focal_length\":\"105 mm\",\"iso\":1400,\"shutter_speed\":\"1\\\/30 sec\",\"flash\":\"Not fired\",\"title\":false,\"keywords\":false,\"width\":800,\"height\":531,\"saved\":true,\"thumbnail\":{\"width\":100,\"height\":66},\"webview\":{\"0\":800,\"1\":531,\"2\":2,\"3\":\"width=\\\"800\\\" height=\\\"531\\\"\",\"bits\":8,\"channels\":3,\"mime\":\"image\\\/jpeg\"}}},{\"pid\":\"649\",\"filename\":\"111009_072_jys.jpg\",\"description\":\"\",\"alttext\":\"\",\"link\":null,\"imagedate\":\"2011-10-09 13:05:16\",\"hitcounter\":\"59\",\"total_value\":\"0\",\"total_votes\":\"0\",\"meta_data\":{\"aperture\":\"F 5.6\",\"credit\":false,\"camera\":\"NIKON D90\",\"caption\":false,\"created_timestamp\":\"octubre 9, 2011 1:05 pm\",\"copyright\":false,\"focal_length\":\"85 mm\",\"iso\":1600,\"shutter_speed\":\"1\\\/30 sec\",\"flash\":\"Not fired\",\"title\":false,\"keywords\":false,\"width\":800,\"height\":531,\"saved\":true,\"thumbnail\":{\"width\":100,\"height\":66},\"webview\":{\"0\":800,\"1\":531,\"2\":2,\"3\":\"width=\\\"800\\\" height=\\\"531\\\"\",\"bits\":8,\"channels\":3,\"mime\":\"image\\\/jpeg\"}}},{\"pid\":\"650\",\"filename\":\"111009_073_jys.jpg\",\"description\":\"\",\"alttext\":\"\",\"link\":null,\"imagedate\":\"2011-10-09 13:05:47\",\"hitcounter\":\"55\",\"total_value\":\"0\",\"total_votes\":\"0\",\"meta_data\":{\"aperture\":\"F 5.3\",\"credit\":false,\"camera\":\"NIKON D90\",\"caption\":false,\"created_timestamp\":\"octubre 9, 2011 1:05 pm\",\"copyright\":false,\"focal_length\":\"66 mm\",\"iso\":1000,\"shutter_speed\":\"1\\\/30 sec\",\"flash\":\"Not fired\",\"title\":false,\"keywords\":false,\"width\":800,\"height\":531,\"saved\":true,\"thumbnail\":{\"width\":100,\"height\":66},\"webview\":{\"0\":800,\"1\":531,\"2\":2,\"3\":\"width=\\\"800\\\" height=\\\"531\\\"\",\"bits\":8,\"channels\":3,\"mime\":\"image\\\/jpeg\"}}},{\"pid\":\"651\",\"filename\":\"111009_074_jys.jpg\",\"description\":\"\",\"alttext\":\"\",\"link\":null,\"imagedate\":\"2011-10-09 13:06:44\",\"hitcounter\":\"55\",\"total_value\":\"0\",\"total_votes\":\"0\",\"meta_data\":{\"aperture\":\"F 3.8\",\"credit\":false,\"camera\":\"NIKON D90\",\"caption\":false,\"created_timestamp\":\"octubre 9, 2011 1:06 pm\",\"copyright\":false,\"focal_length\":\"24 mm\",\"iso\":800,\"shutter_speed\":\"1\\\/60 sec\",\"flash\":\"Fired\",\"title\":false,\"keywords\":false,\"width\":800,\"height\":531,\"saved\":true,\"thumbnail\":{\"width\":100,\"height\":66},\"webview\":{\"0\":800,\"1\":531,\"2\":2,\"3\":\"width=\\\"800\\\" height=\\\"531\\\"\",\"bits\":8,\"channels\":3,\"mime\":\"image\\\/jpeg\"}}},{\"pid\":\"652\",\"filename\":\"111012_082_jys.jpg\",\"description\":\"\",\"alttext\":\"\",\"link\":null,\"imagedate\":\"2011-10-12 13:02:31\",\"hitcounter\":\"53\",\"total_value\":\"0\",\"total_votes\":\"0\",\"meta_data\":{\"aperture\":\"F 4.8\",\"credit\":false,\"camera\":\"NIKON D90\",\"caption\":false,\"created_timestamp\":\"octubre 12, 2011 1:02 pm\",\"copyright\":false,\"focal_length\":\"42 mm\",\"iso\":800,\"shutter_speed\":\"1\\\/60 sec\",\"flash\":\"Not fired\",\"title\":false,\"keywords\":false,\"width\":800,\"height\":531,\"saved\":true,\"thumbnail\":{\"width\":100,\"height\":66},\"webview\":{\"0\":800,\"1\":531,\"2\":2,\"3\":\"width=\\\"800\\\" height=\\\"531\\\"\",\"bits\":8,\"channels\":3,\"mime\":\"image\\\/jpeg\"}}},{\"pid\":\"653\",\"filename\":\"111012_083_jys.jpg\",\"description\":\"\",\"alttext\":\"\",\"link\":null,\"imagedate\":\"2011-10-12 13:02:35\",\"hitcounter\":\"52\",\"total_value\":\"0\",\"total_votes\":\"0\",\"meta_data\":{\"aperture\":\"F 5.6\",\"credit\":false,\"camera\":\"NIKON D90\",\"caption\":false,\"created_timestamp\":\"octubre 12, 2011 1:02 pm\",\"copyright\":false,\"focal_length\":\"90 mm\",\"iso\":450,\"shutter_speed\":\"1\\\/60 sec\",\"flash\":\"Not fired\",\"title\":false,\"keywords\":false,\"width\":800,\"height\":531,\"saved\":true,\"thumbnail\":{\"width\":100,\"height\":66},\"webview\":{\"0\":800,\"1\":531,\"2\":2,\"3\":\"width=\\\"800\\\" height=\\\"531\\\"\",\"bits\":8,\"channels\":3,\"mime\":\"image\\\/jpeg\"}}}]}]}<\/script><\/div><noscript id=\"noscript_FlaGallery_sc1_63\"><img class=\"skip-lazy no-lazyload noLazy\" data-lazy-src=\"\" src =\"https:\/\/uni2ajesus.com\/wp-content\/flagallery\/envio-de-catequistas-y-llegada-de-fernando\/111009_070_jys.jpg\" alt=\"\" \/><img class=\"skip-lazy no-lazyload noLazy\" data-lazy-src=\"\" src =\"https:\/\/uni2ajesus.com\/wp-content\/flagallery\/envio-de-catequistas-y-llegada-de-fernando\/111009_071_jys.jpg\" alt=\"\" \/><img class=\"skip-lazy no-lazyload noLazy\" data-lazy-src=\"\" src =\"https:\/\/uni2ajesus.com\/wp-content\/flagallery\/envio-de-catequistas-y-llegada-de-fernando\/111009_072_jys.jpg\" alt=\"\" \/><img class=\"skip-lazy no-lazyload noLazy\" data-lazy-src=\"\" src =\"https:\/\/uni2ajesus.com\/wp-content\/flagallery\/envio-de-catequistas-y-llegada-de-fernando\/111009_073_jys.jpg\" alt=\"\" \/><img class=\"skip-lazy no-lazyload noLazy\" data-lazy-src=\"\" src =\"https:\/\/uni2ajesus.com\/wp-content\/flagallery\/envio-de-catequistas-y-llegada-de-fernando\/111009_074_jys.jpg\" alt=\"\" \/><img class=\"skip-lazy no-lazyload noLazy\" data-lazy-src=\"\" src =\"https:\/\/uni2ajesus.com\/wp-content\/flagallery\/envio-de-catequistas-y-llegada-de-fernando\/111012_082_jys.jpg\" alt=\"\" \/><img class=\"skip-lazy no-lazyload noLazy\" data-lazy-src=\"\" src =\"https:\/\/uni2ajesus.com\/wp-content\/flagallery\/envio-de-catequistas-y-llegada-de-fernando\/111012_083_jys.jpg\" alt=\"\" \/><\/noscript>\n","protected":false},"excerpt":{"rendered":"<p>El comienzo del curso 2011-12 ha estado marcado por el env\u00edo de los catequistas y, en el mismo d\u00eda del Pilar, por la presentaci\u00f3n a nuestra comunidad de Fernando Urdiola, sacerdote\u00a0reci\u00e9n llegado a nuestra parroquia que ayudar\u00e1 a Jos\u00e9 \u00c1ngel en las tareas de nuestra comunidad. \u00a1Que el Se\u00f1or nos bendiga en este nuevo curso!<\/p>\n","protected":false},"author":2,"featured_media":0,"comment_status":"closed","ping_status":"open","sticky":false,"template":"","format":"standard","meta":{"footnotes":""},"categories":[70,37],"tags":[99,98,51],"class_list":["post-294","post","type-post","status-publish","format-standard","hentry","category-dias-especiales","category-comunidad-es","tag-envio-de-catequistas","tag-fernando-urdiola","tag-jose-angel-fuertes"],"_links":{"self":[{"href":"https:\/\/uni2ajesus.com\/index.php?rest_route=\/wp\/v2\/posts\/294","targetHints":{"allow":["GET"]}}],"collection":[{"href":"https:\/\/uni2ajesus.com\/index.php?rest_route=\/wp\/v2\/posts"}],"about":[{"href":"https:\/\/uni2ajesus.com\/index.php?rest_route=\/wp\/v2\/types\/post"}],"author":[{"embeddable":true,"href":"https:\/\/uni2ajesus.com\/index.php?rest_route=\/wp\/v2\/users\/2"}],"replies":[{"embeddable":true,"href":"https:\/\/uni2ajesus.com\/index.php?rest_route=%2Fwp%2Fv2%2Fcomments&post=294"}],"version-history":[{"count":1,"href":"https:\/\/uni2ajesus.com\/index.php?rest_route=\/wp\/v2\/posts\/294\/revisions"}],"predecessor-version":[{"id":295,"href":"https:\/\/uni2ajesus.com\/index.php?rest_route=\/wp\/v2\/posts\/294\/revisions\/295"}],"wp:attachment":[{"href":"https:\/\/uni2ajesus.com\/index.php?rest_route=%2Fwp%2Fv2%2Fmedia&parent=294"}],"wp:term":[{"taxonomy":"category","embeddable":true,"href":"https:\/\/uni2ajesus.com\/index.php?rest_route=%2Fwp%2Fv2%2Fcategories&post=294"},{"taxonomy":"post_tag","embeddable":true,"href":"https:\/\/uni2ajesus.com\/index.php?rest_route=%2Fwp%2Fv2%2Ftags&post=294"}],"curies":[{"name":"wp","href":"https:\/\/api.w.org\/{rel}","templated":true}]}}