{"id":314,"date":"2012-01-28T23:23:55","date_gmt":"2012-01-28T23:23:55","guid":{"rendered":"http:\/\/uni2ajesus.com\/?p=314"},"modified":"2014-08-02T07:41:33","modified_gmt":"2014-08-02T07:41:33","slug":"funeral-de-jose-angel","status":"publish","type":"post","link":"https:\/\/uni2ajesus.com\/?p=314","title":{"rendered":"Funeral de Jos\u00e9 \u00c1ngel"},"content":{"rendered":"<p>El pasado 18 de enero muri\u00f3 Jos\u00e9 \u00c1ngel Fuertes&#8230; Es dif\u00edcil expresar lo que ha sido para nosotros este hermano: un hombre sencillo, despierto, bueno, cercano,&#8230;<br \/>\nEl funeral se\u00a0celebr\u00f3 el 19 y lo presidi\u00f3 en nuestra iglesia Don Manuel Ure\u00f1a, arzobispo de Zaragoza.\u00a0Pero todos\u00a0los grupos a los que perteneci\u00f3 o ayud\u00f3 Jos\u00e9 \u00c1ngel quer\u00edamos celebrar una eucarist\u00eda especial de acci\u00f3n de gracias por su vida\u00a0y\u00a0as\u00ed lo hemos hecho hoy. La eucarist\u00eda ha estado presidida por el obispo de Barbastro, Don Alfonso Mili\u00e1n. Tras la comuni\u00f3n, hemos participado todos en componer un precioso mural que simboliza lo que era Jos\u00e9 \u00c1ngel para nosotros: una persona que transmit\u00eda en sus abrazos el Amor del Padre.<br \/>\nJos\u00e9 \u00c1ngel, contin\u00faa cuidando de todos nosotros desde el Cielo, sobre todo de estos chavales que quieren ser fieles a Jes\u00fas en circunstancias dif\u00edciles.<\/p>\n<div class=\"flagallery amron_skin\" id=\"FlaGallery_sc1_69\" ><script type=\"application\/json\" class=\"FlaGallery_sc1_69\">{\"settings\":{\"collectionThumbColumns\":\"3\",\"collectionThumbRecomendedWidth\":\"260\",\"collectionPreloaderColor\":\"#333333\",\"linkTargetWindow\":\"_blank\",\"thumbSpacing\":\"10\",\"tagsFilter\":\"1\",\"tagCloudSort\":\"1\",\"tagCloudAll\":\"All\",\"tagCloudAllTagPresented\":\"1\",\"tagCloudStartIndex\":\"0\",\"tagCloudTextColor\":\"#000000\",\"tagCloudBgColor\":\"#eeeeee\",\"collectionThumbHoverColor\":\"rgba(0, 0, 0, .7)\",\"collectionThumbContentBGColor\":\"rgba(245,245,245,1)\",\"collectionThumbTitleShow\":\"1\",\"collectionThumbTitleColor\":\"rgba(0,0,0,1)\",\"collectionThumbFontSize\":\"18\",\"collectionThumbDescriptionShow\":\"1\",\"collectionThumbDescriptionColor\":\"rgba(0,0,0,1)\",\"collectionThumbDescriptionFontSize\":\"15\",\"collectionReadMoreButtonLabel\":\"Read More\",\"collectionReadMoreButtonLabelColor\":\"rgba(255, 255, 255, 1)\",\"collectionReadMoreButtonBGColor\":\"rgba(0, 0, 0, 1)\",\"collectionReadMoreButtonLabelColorHover\":\"rgba(0, 0, 0, 1)\",\"collectionReadMoreButtonBGColorHover\":\"rgba(235,235,235,1)\",\"modaBgColor\":\"rgba(0,0,0,0.9)\",\"modalInfoBoxBgColor\":\"rgba(255,255,255,1)\",\"modalInfoBoxTitleTextColor\":\"rgba(0,0,0,1)\",\"modalInfoBoxTextColor\":\"rgba(70,70,70,1)\",\"infoBarExifEnable\":\"1\",\"infoBarCountersEnable\":\"1\",\"infoBarDateInfoEnable\":\"1\",\"lightBoxEnable\":\"1\",\"copyR_Protection\":\"1\",\"copyR_Alert\":\"Hello, this photo is mine!\",\"sliderScrollNavi\":\"0\",\"sliderNextPrevAnimation\":\"animation\",\"sliderPreloaderColor\":\"#ffffff\",\"sliderBgColor\":\"rgba(0,0,0,0.8)\",\"sliderHeaderFooterBgColor\":\"#000000\",\"sliderNavigationColor\":\"rgba(0,0,0,1)\",\"sliderNavigationIconColor\":\"rgba(255,255,255,1)\",\"sliderNavigationColorOver\":\"rgba(255,255,255,1)\",\"sliderNavigationIconColorOver\":\"rgba(0,0,0,1)\",\"sliderItemTitleEnable\":\"1\",\"sliderItemTitleFontSize\":\"24\",\"sliderItemTitleTextColor\":\"#ffffff\",\"sliderThumbBarEnable\":\"1\",\"sliderThumbBarHoverColor\":\"#ffffff\",\"sliderThumbSubMenuBackgroundColor\":\"rgba(0,0,0,1)\",\"sliderThumbSubMenuBackgroundColorOver\":\"rgba(255,255,255,1)\",\"sliderThumbSubMenuIconColor\":\"rgba(255,255,255,1)\",\"sliderThumbSubMenuIconHoverColor\":\"rgba(0,0,0,1)\",\"sliderPlayButton\":\"1\",\"slideshowDelay\":\"8\",\"slideshowProgressBarColor\":\"rgba(255,255,255,1)\",\"slideshowProgressBarBGColor\":\"rgba(255,255,255,0.6)\",\"sliderInfoEnable\":\"1\",\"sliderZoomButton\":\"1\",\"sliderItemDownload\":\"1\",\"sliderSocialShareEnabled\":\"1\",\"sliderLikesEnabled\":\"1\",\"sliderFullScreen\":\"1\",\"customCSS\":\"\",\"key\":\"\",\"name\":\"\",\"galleryID\":\"sc1_69\",\"post_url\":\"https:\\\/\\\/uni2ajesus.com?rest_route=%2Fwp%2Fv2%2Fposts%2F314\",\"module_url\":\"https:\\\/\\\/uni2ajesus.com\\\/wp-content\\\/plugins\\\/flagallery-skins\\\/amron\\\/\"}, \"data\":[{\"gallery\":{\"gid\":\"69\",\"name\":\"funeral-jose-angel\",\"path\":\"https:\\\/\\\/uni2ajesus.com\\\/wp-content\\\/flagallery\\\/funeral-jose-angel\",\"title\":\"Funeral Jos\\u00e9 \\u00c1ngel\",\"galdesc\":\"\"},\"data\":[{\"pid\":\"697\",\"filename\":\"2012-01-28-19-47-29.jpg\",\"description\":\"\",\"alttext\":\"\",\"link\":null,\"imagedate\":\"2012-01-28 19:47:29\",\"hitcounter\":\"95\",\"total_value\":\"0\",\"total_votes\":\"0\",\"meta_data\":{\"aperture\":\"F 2.6\",\"credit\":false,\"camera\":\"GT-S5830\",\"caption\":false,\"created_timestamp\":\"enero 28, 2012 7:47 pm\",\"copyright\":false,\"focal_length\":\"3.55 mm\",\"iso\":400,\"shutter_speed\":\"1\\\/10 sec\",\"flash\":false,\"title\":false,\"keywords\":false,\"width\":800,\"height\":591,\"saved\":true,\"thumbnail\":{\"width\":100,\"height\":74},\"webview\":{\"0\":800,\"1\":591,\"2\":2,\"3\":\"width=\\\"800\\\" height=\\\"591\\\"\",\"bits\":8,\"channels\":3,\"mime\":\"image\\\/jpeg\"}}},{\"pid\":\"698\",\"filename\":\"2012-01-28-20-18-32.jpg\",\"description\":\"\",\"alttext\":\"\",\"link\":null,\"imagedate\":\"2012-01-28 20:18:32\",\"hitcounter\":\"93\",\"total_value\":\"0\",\"total_votes\":\"0\",\"meta_data\":{\"aperture\":\"F 2.6\",\"credit\":false,\"camera\":\"GT-S5830\",\"caption\":false,\"created_timestamp\":\"enero 28, 2012 8:18 pm\",\"copyright\":false,\"focal_length\":\"3.55 mm\",\"iso\":100,\"shutter_speed\":\"1\\\/10 sec\",\"flash\":false,\"title\":false,\"keywords\":false,\"width\":800,\"height\":581,\"saved\":true,\"thumbnail\":{\"width\":100,\"height\":72},\"webview\":{\"0\":800,\"1\":581,\"2\":2,\"3\":\"width=\\\"800\\\" height=\\\"581\\\"\",\"bits\":8,\"channels\":3,\"mime\":\"image\\\/jpeg\"}}},{\"pid\":\"699\",\"filename\":\"2012-01-28-20-40-55.jpg\",\"description\":\"\",\"alttext\":\"\",\"link\":null,\"imagedate\":\"2012-01-28 20:40:55\",\"hitcounter\":\"81\",\"total_value\":\"0\",\"total_votes\":\"0\",\"meta_data\":{\"aperture\":\"F 2.6\",\"credit\":false,\"camera\":\"GT-S5830\",\"caption\":false,\"created_timestamp\":\"enero 28, 2012 8:40 pm\",\"copyright\":false,\"focal_length\":\"3.55 mm\",\"iso\":100,\"shutter_speed\":\"1\\\/20 sec\",\"flash\":false,\"title\":false,\"keywords\":false,\"width\":800,\"height\":582,\"saved\":true,\"thumbnail\":{\"width\":100,\"height\":72},\"webview\":{\"0\":800,\"1\":582,\"2\":2,\"3\":\"width=\\\"800\\\" height=\\\"582\\\"\",\"bits\":8,\"channels\":3,\"mime\":\"image\\\/jpeg\"}}},{\"pid\":\"700\",\"filename\":\"2012-01-28-20-45-05.jpg\",\"description\":\"\",\"alttext\":\"\",\"link\":null,\"imagedate\":\"2012-01-28 20:45:05\",\"hitcounter\":\"75\",\"total_value\":\"0\",\"total_votes\":\"0\",\"meta_data\":{\"aperture\":\"F 2.6\",\"credit\":false,\"camera\":\"GT-S5830\",\"caption\":false,\"created_timestamp\":\"enero 28, 2012 8:45 pm\",\"copyright\":false,\"focal_length\":\"3.55 mm\",\"iso\":200,\"shutter_speed\":\"1\\\/10 sec\",\"flash\":false,\"title\":false,\"keywords\":false,\"width\":800,\"height\":542,\"saved\":true,\"thumbnail\":{\"width\":100,\"height\":68},\"webview\":{\"0\":800,\"1\":542,\"2\":2,\"3\":\"width=\\\"800\\\" height=\\\"542\\\"\",\"bits\":8,\"channels\":3,\"mime\":\"image\\\/jpeg\"}}},{\"pid\":\"701\",\"filename\":\"2012-01-28-20-55-49.jpg\",\"description\":\"\",\"alttext\":\"\",\"link\":null,\"imagedate\":\"2012-01-28 20:55:49\",\"hitcounter\":\"62\",\"total_value\":\"0\",\"total_votes\":\"0\",\"meta_data\":{\"aperture\":\"F 2.6\",\"credit\":false,\"camera\":\"GT-S5830\",\"caption\":false,\"created_timestamp\":\"enero 28, 2012 8:55 pm\",\"copyright\":false,\"focal_length\":\"3.55 mm\",\"iso\":100,\"shutter_speed\":\"1\\\/10 sec\",\"flash\":false,\"title\":false,\"keywords\":false,\"width\":600,\"height\":682,\"saved\":true,\"thumbnail\":{\"width\":87,\"height\":100},\"webview\":{\"0\":600,\"1\":682,\"2\":2,\"3\":\"width=\\\"600\\\" height=\\\"682\\\"\",\"bits\":8,\"channels\":3,\"mime\":\"image\\\/jpeg\"}}},{\"pid\":\"702\",\"filename\":\"2012-01-28-21-09-37.jpg\",\"description\":\"\",\"alttext\":\"\",\"link\":null,\"imagedate\":\"2012-01-28 21:09:37\",\"hitcounter\":\"70\",\"total_value\":\"0\",\"total_votes\":\"0\",\"meta_data\":{\"aperture\":\"F 2.6\",\"credit\":false,\"camera\":\"GT-S5830\",\"caption\":false,\"created_timestamp\":\"enero 28, 2012 9:09 pm\",\"copyright\":false,\"focal_length\":\"3.55 mm\",\"iso\":200,\"shutter_speed\":\"1\\\/10 sec\",\"flash\":false,\"title\":false,\"keywords\":false,\"width\":600,\"height\":684,\"saved\":true,\"thumbnail\":{\"width\":87,\"height\":100},\"webview\":{\"0\":600,\"1\":684,\"2\":2,\"3\":\"width=\\\"600\\\" height=\\\"684\\\"\",\"bits\":8,\"channels\":3,\"mime\":\"image\\\/jpeg\"}}}]}]}<\/script><\/div><noscript id=\"noscript_FlaGallery_sc1_69\"><img class=\"skip-lazy no-lazyload noLazy\" data-lazy-src=\"\" src =\"https:\/\/uni2ajesus.com\/wp-content\/flagallery\/funeral-jose-angel\/2012-01-28-19-47-29.jpg\" alt=\"\" \/><img class=\"skip-lazy no-lazyload noLazy\" data-lazy-src=\"\" src =\"https:\/\/uni2ajesus.com\/wp-content\/flagallery\/funeral-jose-angel\/2012-01-28-20-18-32.jpg\" alt=\"\" \/><img class=\"skip-lazy no-lazyload noLazy\" data-lazy-src=\"\" src =\"https:\/\/uni2ajesus.com\/wp-content\/flagallery\/funeral-jose-angel\/2012-01-28-20-40-55.jpg\" alt=\"\" \/><img class=\"skip-lazy no-lazyload noLazy\" data-lazy-src=\"\" src =\"https:\/\/uni2ajesus.com\/wp-content\/flagallery\/funeral-jose-angel\/2012-01-28-20-45-05.jpg\" alt=\"\" \/><img class=\"skip-lazy no-lazyload noLazy\" data-lazy-src=\"\" src =\"https:\/\/uni2ajesus.com\/wp-content\/flagallery\/funeral-jose-angel\/2012-01-28-20-55-49.jpg\" alt=\"\" \/><img class=\"skip-lazy no-lazyload noLazy\" data-lazy-src=\"\" src =\"https:\/\/uni2ajesus.com\/wp-content\/flagallery\/funeral-jose-angel\/2012-01-28-21-09-37.jpg\" alt=\"\" \/><\/noscript>\n","protected":false},"excerpt":{"rendered":"<p>El pasado 18 de enero muri\u00f3 Jos\u00e9 \u00c1ngel Fuertes&#8230; Es dif\u00edcil expresar lo que ha sido para nosotros este hermano: un hombre sencillo, despierto, bueno, cercano,&#8230; El funeral se\u00a0celebr\u00f3 el 19 y lo presidi\u00f3 en nuestra iglesia Don Manuel Ure\u00f1a, arzobispo de Zaragoza.\u00a0Pero todos\u00a0los grupos a los que perteneci\u00f3 o ayud\u00f3 Jos\u00e9 \u00c1ngel quer\u00edamos celebrar &hellip; <a href=\"https:\/\/uni2ajesus.com\/?p=314\" class=\"more-link\">Seguir leyendo <span class=\"screen-reader-text\">Funeral de Jos\u00e9 \u00c1ngel<\/span> <span class=\"meta-nav\">&rarr;<\/span><\/a><\/p>\n","protected":false},"author":2,"featured_media":0,"comment_status":"closed","ping_status":"open","sticky":false,"template":"","format":"standard","meta":{"footnotes":""},"categories":[70,20,37],"tags":[101,51],"class_list":["post-314","post","type-post","status-publish","format-standard","hentry","category-dias-especiales","category-eucaristia","category-comunidad-es","tag-funeral","tag-jose-angel-fuertes"],"_links":{"self":[{"href":"https:\/\/uni2ajesus.com\/index.php?rest_route=\/wp\/v2\/posts\/314","targetHints":{"allow":["GET"]}}],"collection":[{"href":"https:\/\/uni2ajesus.com\/index.php?rest_route=\/wp\/v2\/posts"}],"about":[{"href":"https:\/\/uni2ajesus.com\/index.php?rest_route=\/wp\/v2\/types\/post"}],"author":[{"embeddable":true,"href":"https:\/\/uni2ajesus.com\/index.php?rest_route=\/wp\/v2\/users\/2"}],"replies":[{"embeddable":true,"href":"https:\/\/uni2ajesus.com\/index.php?rest_route=%2Fwp%2Fv2%2Fcomments&post=314"}],"version-history":[{"count":1,"href":"https:\/\/uni2ajesus.com\/index.php?rest_route=\/wp\/v2\/posts\/314\/revisions"}],"predecessor-version":[{"id":315,"href":"https:\/\/uni2ajesus.com\/index.php?rest_route=\/wp\/v2\/posts\/314\/revisions\/315"}],"wp:attachment":[{"href":"https:\/\/uni2ajesus.com\/index.php?rest_route=%2Fwp%2Fv2%2Fmedia&parent=314"}],"wp:term":[{"taxonomy":"category","embeddable":true,"href":"https:\/\/uni2ajesus.com\/index.php?rest_route=%2Fwp%2Fv2%2Fcategories&post=314"},{"taxonomy":"post_tag","embeddable":true,"href":"https:\/\/uni2ajesus.com\/index.php?rest_route=%2Fwp%2Fv2%2Ftags&post=314"}],"curies":[{"name":"wp","href":"https:\/\/api.w.org\/{rel}","templated":true}]}}