{"id":316,"date":"2009-02-06T23:45:48","date_gmt":"2009-02-06T23:45:48","guid":{"rendered":"http:\/\/uni2ajesus.com\/?p=316"},"modified":"2014-08-02T07:51:16","modified_gmt":"2014-08-02T07:51:16","slug":"campana-contra-el-hambre-2009","status":"publish","type":"post","link":"https:\/\/uni2ajesus.com\/?p=316","title":{"rendered":"Campa\u00f1a contra el Hambre 2009"},"content":{"rendered":"<p>Como todos los a\u00f1os, hemos participado en la vigilia de oraci\u00f3n de la Campa\u00f1a contra el Hambre de Manos Unidas que se ha celebrado en la Iglesia de Ntra. Sra. de la Esperanza, de nuestra parroquia. Gracias a lo que han preparado Javier, Paco\u00a0y otros miembros de nuestra comunidad, hemos reflexionado sobre las injusticias del mundo que nos llevan a que m\u00e1s de mil millones de personas no tengan lo suficiente para llevar una vida digna.<\/p>\n<p><a href=\"http:\/\/uni2ajesus.com\/wp-content\/uploads\/2014\/08\/06022009108.jpg\"><img loading=\"lazy\" decoding=\"async\" class=\"alignnone size-medium wp-image-317\" alt=\"06022009108\" src=\"http:\/\/uni2ajesus.com\/wp-content\/uploads\/2014\/08\/06022009108-300x225.jpg\" width=\"300\" height=\"225\" srcset=\"https:\/\/uni2ajesus.com\/wp-content\/uploads\/2014\/08\/06022009108-300x225.jpg 300w, https:\/\/uni2ajesus.com\/wp-content\/uploads\/2014\/08\/06022009108.jpg 800w\" sizes=\"auto, (max-width: 300px) 100vw, 300px\" \/><\/a><\/p>\n","protected":false},"excerpt":{"rendered":"<p>Como todos los a\u00f1os, hemos participado en la vigilia de oraci\u00f3n de la Campa\u00f1a contra el Hambre de Manos Unidas que se ha celebrado en la Iglesia de Ntra. Sra. de la Esperanza, de nuestra parroquia. Gracias a lo que han preparado Javier, Paco\u00a0y otros miembros de nuestra comunidad, hemos reflexionado sobre las injusticias del &hellip; <a href=\"https:\/\/uni2ajesus.com\/?p=316\" class=\"more-link\">Seguir leyendo <span class=\"screen-reader-text\">Campa\u00f1a contra el Hambre 2009<\/span> <span class=\"meta-nav\">&rarr;<\/span><\/a><\/p>\n","protected":false},"author":2,"featured_media":0,"comment_status":"closed","ping_status":"open","sticky":false,"template":"","format":"standard","meta":{"footnotes":""},"categories":[70,19,46,18,37,49,16],"tags":[102,138],"class_list":["post-316","post","type-post","status-publish","format-standard","hentry","category-dias-especiales","category-formacion","category-iglesia","category-manos-unidas","category-comunidad-es","category-parroquia","category-solidaridad","tag-campana-contra-el-hambre","tag-manos-unidas"],"_links":{"self":[{"href":"https:\/\/uni2ajesus.com\/index.php?rest_route=\/wp\/v2\/posts\/316","targetHints":{"allow":["GET"]}}],"collection":[{"href":"https:\/\/uni2ajesus.com\/index.php?rest_route=\/wp\/v2\/posts"}],"about":[{"href":"https:\/\/uni2ajesus.com\/index.php?rest_route=\/wp\/v2\/types\/post"}],"author":[{"embeddable":true,"href":"https:\/\/uni2ajesus.com\/index.php?rest_route=\/wp\/v2\/users\/2"}],"replies":[{"embeddable":true,"href":"https:\/\/uni2ajesus.com\/index.php?rest_route=%2Fwp%2Fv2%2Fcomments&post=316"}],"version-history":[{"count":1,"href":"https:\/\/uni2ajesus.com\/index.php?rest_route=\/wp\/v2\/posts\/316\/revisions"}],"predecessor-version":[{"id":318,"href":"https:\/\/uni2ajesus.com\/index.php?rest_route=\/wp\/v2\/posts\/316\/revisions\/318"}],"wp:attachment":[{"href":"https:\/\/uni2ajesus.com\/index.php?rest_route=%2Fwp%2Fv2%2Fmedia&parent=316"}],"wp:term":[{"taxonomy":"category","embeddable":true,"href":"https:\/\/uni2ajesus.com\/index.php?rest_route=%2Fwp%2Fv2%2Fcategories&post=316"},{"taxonomy":"post_tag","embeddable":true,"href":"https:\/\/uni2ajesus.com\/index.php?rest_route=%2Fwp%2Fv2%2Ftags&post=316"}],"curies":[{"name":"wp","href":"https:\/\/api.w.org\/{rel}","templated":true}]}}