{"id":394,"date":"2014-09-20T23:49:48","date_gmt":"2014-09-20T23:49:48","guid":{"rendered":"http:\/\/uni2ajesus.com\/?p=394"},"modified":"2014-09-27T22:58:38","modified_gmt":"2014-09-27T22:58:38","slug":"preparamos-la-marcha-ciudadana-contra-el-cambio-climatico","status":"publish","type":"post","link":"https:\/\/uni2ajesus.com\/?p=394","title":{"rendered":"Preparamos la marcha ciudadana contra el cambio clim\u00e1tico"},"content":{"rendered":"<p>A lo largo de estas semanas, Juan ha ido participando en un grupo convocado por la red social de acci\u00f3n ciudadana <a href=\"http:\/\/www.avaaz.com\">www.avaaz.com<\/a> para participar en una Marcha Ciudadana Global contra el Cambio\u00a0 <a href=\"https:\/\/secure.avaaz.org\/es\/100_clean_final\/\">Clim\u00e1tico<\/a>. Este grupo, formado por personas diversas, han organizado este <a href=\"https:\/\/www.facebook.com\/events\/1463373677274802\/\">evento<\/a>. Entre otras acciones, hemos ayudado a que un buen grupo de j\u00f3venes m\u00fasicos y cantantes, entre los que ha participado Silvia, ensayaran dos d\u00edas en nuestra iglesia. Ma\u00f1ana vamos a participar en ella. Tendr\u00e1 lugar en la plaza de Espa\u00f1a a las 13 horas. \u00a1No falt\u00e9is!<\/p>\n<div class=\"flagallery amron_skin\" id=\"FlaGallery_sc1_91\" ><script type=\"application\/json\" class=\"FlaGallery_sc1_91\">{\"settings\":{\"collectionThumbColumns\":\"3\",\"collectionThumbRecomendedWidth\":\"260\",\"collectionPreloaderColor\":\"#333333\",\"linkTargetWindow\":\"_blank\",\"thumbSpacing\":\"10\",\"tagsFilter\":\"1\",\"tagCloudSort\":\"1\",\"tagCloudAll\":\"All\",\"tagCloudAllTagPresented\":\"1\",\"tagCloudStartIndex\":\"0\",\"tagCloudTextColor\":\"#000000\",\"tagCloudBgColor\":\"#eeeeee\",\"collectionThumbHoverColor\":\"rgba(0, 0, 0, .7)\",\"collectionThumbContentBGColor\":\"rgba(245,245,245,1)\",\"collectionThumbTitleShow\":\"1\",\"collectionThumbTitleColor\":\"rgba(0,0,0,1)\",\"collectionThumbFontSize\":\"18\",\"collectionThumbDescriptionShow\":\"1\",\"collectionThumbDescriptionColor\":\"rgba(0,0,0,1)\",\"collectionThumbDescriptionFontSize\":\"15\",\"collectionReadMoreButtonLabel\":\"Read More\",\"collectionReadMoreButtonLabelColor\":\"rgba(255, 255, 255, 1)\",\"collectionReadMoreButtonBGColor\":\"rgba(0, 0, 0, 1)\",\"collectionReadMoreButtonLabelColorHover\":\"rgba(0, 0, 0, 1)\",\"collectionReadMoreButtonBGColorHover\":\"rgba(235,235,235,1)\",\"modaBgColor\":\"rgba(0,0,0,0.9)\",\"modalInfoBoxBgColor\":\"rgba(255,255,255,1)\",\"modalInfoBoxTitleTextColor\":\"rgba(0,0,0,1)\",\"modalInfoBoxTextColor\":\"rgba(70,70,70,1)\",\"infoBarExifEnable\":\"1\",\"infoBarCountersEnable\":\"1\",\"infoBarDateInfoEnable\":\"1\",\"lightBoxEnable\":\"1\",\"copyR_Protection\":\"1\",\"copyR_Alert\":\"Hello, this photo is mine!\",\"sliderScrollNavi\":\"0\",\"sliderNextPrevAnimation\":\"animation\",\"sliderPreloaderColor\":\"#ffffff\",\"sliderBgColor\":\"rgba(0,0,0,0.8)\",\"sliderHeaderFooterBgColor\":\"#000000\",\"sliderNavigationColor\":\"rgba(0,0,0,1)\",\"sliderNavigationIconColor\":\"rgba(255,255,255,1)\",\"sliderNavigationColorOver\":\"rgba(255,255,255,1)\",\"sliderNavigationIconColorOver\":\"rgba(0,0,0,1)\",\"sliderItemTitleEnable\":\"1\",\"sliderItemTitleFontSize\":\"24\",\"sliderItemTitleTextColor\":\"#ffffff\",\"sliderThumbBarEnable\":\"1\",\"sliderThumbBarHoverColor\":\"#ffffff\",\"sliderThumbSubMenuBackgroundColor\":\"rgba(0,0,0,1)\",\"sliderThumbSubMenuBackgroundColorOver\":\"rgba(255,255,255,1)\",\"sliderThumbSubMenuIconColor\":\"rgba(255,255,255,1)\",\"sliderThumbSubMenuIconHoverColor\":\"rgba(0,0,0,1)\",\"sliderPlayButton\":\"1\",\"slideshowDelay\":\"8\",\"slideshowProgressBarColor\":\"rgba(255,255,255,1)\",\"slideshowProgressBarBGColor\":\"rgba(255,255,255,0.6)\",\"sliderInfoEnable\":\"1\",\"sliderZoomButton\":\"1\",\"sliderItemDownload\":\"1\",\"sliderSocialShareEnabled\":\"1\",\"sliderLikesEnabled\":\"1\",\"sliderFullScreen\":\"1\",\"customCSS\":\"\",\"key\":\"\",\"name\":\"\",\"galleryID\":\"sc1_91\",\"post_url\":\"https:\\\/\\\/uni2ajesus.com?rest_route=%2Fwp%2Fv2%2Fposts%2F394\",\"module_url\":\"https:\\\/\\\/uni2ajesus.com\\\/wp-content\\\/plugins\\\/flagallery-skins\\\/amron\\\/\"}, \"data\":[{\"gallery\":{\"gid\":\"91\",\"name\":\"marcha-ciudadana-cambio-climatico-2014-1\",\"path\":\"https:\\\/\\\/uni2ajesus.com\\\/wp-content\\\/flagallery\\\/marcha-ciudadana-cambio-climatico-2014-1\",\"title\":\"Marcha ciudadana cambio clim\\u00e1tico 2014 1\",\"galdesc\":\"\"},\"data\":[{\"pid\":\"909\",\"filename\":\"2014_09_03-1.jpg\",\"description\":\"\",\"alttext\":\"\",\"link\":null,\"imagedate\":\"2014-09-27 22:45:58\",\"hitcounter\":\"184\",\"total_value\":\"0\",\"total_votes\":\"0\",\"meta_data\":{\"aperture\":false,\"credit\":false,\"camera\":false,\"caption\":false,\"created_timestamp\":false,\"copyright\":false,\"focal_length\":false,\"iso\":false,\"shutter_speed\":false,\"flash\":false,\"title\":false,\"keywords\":false,\"width\":800,\"height\":600,\"saved\":true,\"thumbnail\":{\"width\":100,\"height\":75},\"webview\":{\"0\":800,\"1\":600,\"2\":2,\"3\":\"width=\\\"800\\\" height=\\\"600\\\"\",\"bits\":8,\"channels\":3,\"mime\":\"image\\\/jpeg\"}}},{\"pid\":\"910\",\"filename\":\"2014_09_03-2.jpg\",\"description\":\"\",\"alttext\":\"\",\"link\":null,\"imagedate\":\"2014-09-27 22:45:59\",\"hitcounter\":\"124\",\"total_value\":\"0\",\"total_votes\":\"0\",\"meta_data\":{\"aperture\":false,\"credit\":false,\"camera\":false,\"caption\":false,\"created_timestamp\":false,\"copyright\":false,\"focal_length\":false,\"iso\":false,\"shutter_speed\":false,\"flash\":false,\"title\":false,\"keywords\":false,\"width\":800,\"height\":600,\"saved\":true,\"thumbnail\":{\"width\":100,\"height\":75},\"webview\":{\"0\":800,\"1\":600,\"2\":2,\"3\":\"width=\\\"800\\\" height=\\\"600\\\"\",\"bits\":8,\"channels\":3,\"mime\":\"image\\\/jpeg\"}}},{\"pid\":\"911\",\"filename\":\"dsc_0007.jpg\",\"description\":\"\",\"alttext\":\"\",\"link\":null,\"imagedate\":\"2014-09-14 19:46:29\",\"hitcounter\":\"104\",\"total_value\":\"0\",\"total_votes\":\"0\",\"meta_data\":{\"aperture\":\"F 2.4\",\"credit\":false,\"camera\":\"C6603\",\"caption\":false,\"created_timestamp\":\"septiembre 14, 2014 7:46 pm\",\"copyright\":false,\"focal_length\":\"4.1 mm\",\"iso\":500,\"shutter_speed\":\"1\\\/50 sec\",\"flash\":\"Fired\",\"title\":false,\"keywords\":false,\"width\":800,\"height\":450,\"saved\":true,\"thumbnail\":{\"width\":100,\"height\":56},\"webview\":{\"0\":800,\"1\":450,\"2\":2,\"3\":\"width=\\\"800\\\" height=\\\"450\\\"\",\"bits\":8,\"channels\":3,\"mime\":\"image\\\/jpeg\"}}},{\"pid\":\"912\",\"filename\":\"dsc_0011.jpg\",\"description\":\"\",\"alttext\":\"\",\"link\":null,\"imagedate\":\"2014-09-14 19:47:01\",\"hitcounter\":\"94\",\"total_value\":\"0\",\"total_votes\":\"0\",\"meta_data\":{\"aperture\":\"F 2.4\",\"credit\":false,\"camera\":\"C6603\",\"caption\":false,\"created_timestamp\":\"septiembre 14, 2014 7:47 pm\",\"copyright\":false,\"focal_length\":\"4.1 mm\",\"iso\":500,\"shutter_speed\":\"1\\\/50 sec\",\"flash\":\"Fired\",\"title\":false,\"keywords\":false,\"width\":800,\"height\":450,\"saved\":true,\"thumbnail\":{\"width\":100,\"height\":56},\"webview\":{\"0\":800,\"1\":450,\"2\":2,\"3\":\"width=\\\"800\\\" height=\\\"450\\\"\",\"bits\":8,\"channels\":3,\"mime\":\"image\\\/jpeg\"}}},{\"pid\":\"913\",\"filename\":\"dsc_0014.jpg\",\"description\":\"\",\"alttext\":\"\",\"link\":null,\"imagedate\":\"2014-09-14 20:12:20\",\"hitcounter\":\"83\",\"total_value\":\"0\",\"total_votes\":\"0\",\"meta_data\":{\"aperture\":\"F 2.4\",\"credit\":false,\"camera\":\"C6603\",\"caption\":false,\"created_timestamp\":\"septiembre 14, 2014 8:12 pm\",\"copyright\":false,\"focal_length\":\"4.1 mm\",\"iso\":320,\"shutter_speed\":\"1\\\/50 sec\",\"flash\":\"Not fired\",\"title\":false,\"keywords\":false,\"width\":800,\"height\":450,\"saved\":true,\"thumbnail\":{\"width\":100,\"height\":56},\"webview\":{\"0\":800,\"1\":450,\"2\":2,\"3\":\"width=\\\"800\\\" height=\\\"450\\\"\",\"bits\":8,\"channels\":3,\"mime\":\"image\\\/jpeg\"}}},{\"pid\":\"914\",\"filename\":\"dsc_0019.jpg\",\"description\":\"\",\"alttext\":\"\",\"link\":null,\"imagedate\":\"2014-09-14 20:14:09\",\"hitcounter\":\"73\",\"total_value\":\"0\",\"total_votes\":\"0\",\"meta_data\":{\"aperture\":\"F 2.4\",\"credit\":false,\"camera\":\"C6603\",\"caption\":false,\"created_timestamp\":\"septiembre 14, 2014 8:14 pm\",\"copyright\":false,\"focal_length\":\"4.1 mm\",\"iso\":320,\"shutter_speed\":\"1\\\/40 sec\",\"flash\":\"Fired\",\"title\":false,\"keywords\":false,\"width\":800,\"height\":450,\"saved\":true,\"thumbnail\":{\"width\":100,\"height\":56},\"webview\":{\"0\":800,\"1\":450,\"2\":2,\"3\":\"width=\\\"800\\\" height=\\\"450\\\"\",\"bits\":8,\"channels\":3,\"mime\":\"image\\\/jpeg\"}}},{\"pid\":\"915\",\"filename\":\"dsc_0020.jpg\",\"description\":\"\",\"alttext\":\"\",\"link\":null,\"imagedate\":\"2014-09-14 20:14:22\",\"hitcounter\":\"71\",\"total_value\":\"0\",\"total_votes\":\"0\",\"meta_data\":{\"aperture\":\"F 2.4\",\"credit\":false,\"camera\":\"C6603\",\"caption\":false,\"created_timestamp\":\"septiembre 14, 2014 8:14 pm\",\"copyright\":false,\"focal_length\":\"4.1 mm\",\"iso\":250,\"shutter_speed\":\"1\\\/40 sec\",\"flash\":\"Fired\",\"title\":false,\"keywords\":false,\"width\":800,\"height\":450,\"saved\":true,\"thumbnail\":{\"width\":100,\"height\":56},\"webview\":{\"0\":800,\"1\":450,\"2\":2,\"3\":\"width=\\\"800\\\" height=\\\"450\\\"\",\"bits\":8,\"channels\":3,\"mime\":\"image\\\/jpeg\"}}},{\"pid\":\"916\",\"filename\":\"2014_09_17_3600jys.jpg\",\"description\":\"\",\"alttext\":\"\",\"link\":null,\"imagedate\":\"2014-09-17 21:02:42\",\"hitcounter\":\"66\",\"total_value\":\"0\",\"total_votes\":\"0\",\"meta_data\":{\"aperture\":\"F 3.5\",\"credit\":false,\"camera\":\"NIKON D90\",\"caption\":false,\"created_timestamp\":\"septiembre 17, 2014 9:02 pm\",\"copyright\":false,\"focal_length\":\"18 mm\",\"iso\":400,\"shutter_speed\":\"1\\\/30 sec\",\"flash\":\"Fired\",\"title\":false,\"keywords\":false,\"width\":800,\"height\":531,\"saved\":true,\"thumbnail\":{\"width\":100,\"height\":66},\"webview\":{\"0\":800,\"1\":531,\"2\":2,\"3\":\"width=\\\"800\\\" height=\\\"531\\\"\",\"bits\":8,\"channels\":3,\"mime\":\"image\\\/jpeg\"}}},{\"pid\":\"917\",\"filename\":\"2014_09_17_3601jys.jpg\",\"description\":\"\",\"alttext\":\"\",\"link\":null,\"imagedate\":\"2014-09-17 21:05:31\",\"hitcounter\":\"60\",\"total_value\":\"0\",\"total_votes\":\"0\",\"meta_data\":{\"aperture\":\"F 5.3\",\"credit\":false,\"camera\":\"NIKON D90\",\"caption\":false,\"created_timestamp\":\"septiembre 17, 2014 9:05 pm\",\"copyright\":false,\"focal_length\":\"66 mm\",\"iso\":400,\"shutter_speed\":\"1\\\/30 sec\",\"flash\":\"Fired\",\"title\":false,\"keywords\":false,\"width\":800,\"height\":531,\"saved\":true,\"thumbnail\":{\"width\":100,\"height\":66},\"webview\":{\"0\":800,\"1\":531,\"2\":2,\"3\":\"width=\\\"800\\\" height=\\\"531\\\"\",\"bits\":8,\"channels\":3,\"mime\":\"image\\\/jpeg\"}}},{\"pid\":\"918\",\"filename\":\"2014_09_17_3615jys.jpg\",\"description\":\"\",\"alttext\":\"\",\"link\":null,\"imagedate\":\"2014-09-17 21:13:38\",\"hitcounter\":\"51\",\"total_value\":\"0\",\"total_votes\":\"0\",\"meta_data\":{\"aperture\":\"F 3.8\",\"credit\":false,\"camera\":\"NIKON D90\",\"caption\":false,\"created_timestamp\":\"septiembre 17, 2014 9:13 pm\",\"copyright\":false,\"focal_length\":\"22 mm\",\"iso\":400,\"shutter_speed\":\"1\\\/30 sec\",\"flash\":\"Fired\",\"title\":false,\"keywords\":false,\"width\":800,\"height\":531,\"saved\":true,\"thumbnail\":{\"width\":100,\"height\":66},\"webview\":{\"0\":800,\"1\":531,\"2\":2,\"3\":\"width=\\\"800\\\" height=\\\"531\\\"\",\"bits\":8,\"channels\":3,\"mime\":\"image\\\/jpeg\"}}},{\"pid\":\"919\",\"filename\":\"2014_09_17_3617jys.jpg\",\"description\":\"\",\"alttext\":\"\",\"link\":null,\"imagedate\":\"2014-09-17 21:27:21\",\"hitcounter\":\"46\",\"total_value\":\"0\",\"total_votes\":\"0\",\"meta_data\":{\"aperture\":\"F 4.5\",\"credit\":false,\"camera\":\"NIKON D90\",\"caption\":false,\"created_timestamp\":\"septiembre 17, 2014 9:27 pm\",\"copyright\":false,\"focal_length\":\"18 mm\",\"iso\":400,\"shutter_speed\":\"1\\\/20 sec\",\"flash\":\"Not fired\",\"title\":false,\"keywords\":false,\"width\":800,\"height\":531,\"saved\":true,\"thumbnail\":{\"width\":100,\"height\":66},\"webview\":{\"0\":800,\"1\":531,\"2\":2,\"3\":\"width=\\\"800\\\" height=\\\"531\\\"\",\"bits\":8,\"channels\":3,\"mime\":\"image\\\/jpeg\"}}}]}]}<\/script><\/div><noscript id=\"noscript_FlaGallery_sc1_91\"><img class=\"skip-lazy no-lazyload noLazy\" data-lazy-src=\"\" src =\"https:\/\/uni2ajesus.com\/wp-content\/flagallery\/marcha-ciudadana-cambio-climatico-2014-1\/2014_09_03-1.jpg\" alt=\"\" \/><img class=\"skip-lazy no-lazyload noLazy\" data-lazy-src=\"\" src =\"https:\/\/uni2ajesus.com\/wp-content\/flagallery\/marcha-ciudadana-cambio-climatico-2014-1\/2014_09_03-2.jpg\" alt=\"\" \/><img class=\"skip-lazy no-lazyload noLazy\" data-lazy-src=\"\" src =\"https:\/\/uni2ajesus.com\/wp-content\/flagallery\/marcha-ciudadana-cambio-climatico-2014-1\/dsc_0007.jpg\" alt=\"\" \/><img class=\"skip-lazy no-lazyload noLazy\" data-lazy-src=\"\" src =\"https:\/\/uni2ajesus.com\/wp-content\/flagallery\/marcha-ciudadana-cambio-climatico-2014-1\/dsc_0011.jpg\" alt=\"\" \/><img class=\"skip-lazy no-lazyload noLazy\" data-lazy-src=\"\" src =\"https:\/\/uni2ajesus.com\/wp-content\/flagallery\/marcha-ciudadana-cambio-climatico-2014-1\/dsc_0014.jpg\" alt=\"\" \/><img class=\"skip-lazy no-lazyload noLazy\" data-lazy-src=\"\" src =\"https:\/\/uni2ajesus.com\/wp-content\/flagallery\/marcha-ciudadana-cambio-climatico-2014-1\/dsc_0019.jpg\" alt=\"\" \/><img class=\"skip-lazy no-lazyload noLazy\" data-lazy-src=\"\" src =\"https:\/\/uni2ajesus.com\/wp-content\/flagallery\/marcha-ciudadana-cambio-climatico-2014-1\/dsc_0020.jpg\" alt=\"\" \/><img class=\"skip-lazy no-lazyload noLazy\" data-lazy-src=\"\" src =\"https:\/\/uni2ajesus.com\/wp-content\/flagallery\/marcha-ciudadana-cambio-climatico-2014-1\/2014_09_17_3600jys.jpg\" alt=\"\" \/><img class=\"skip-lazy no-lazyload noLazy\" data-lazy-src=\"\" src =\"https:\/\/uni2ajesus.com\/wp-content\/flagallery\/marcha-ciudadana-cambio-climatico-2014-1\/2014_09_17_3601jys.jpg\" alt=\"\" \/><img class=\"skip-lazy no-lazyload noLazy\" data-lazy-src=\"\" src =\"https:\/\/uni2ajesus.com\/wp-content\/flagallery\/marcha-ciudadana-cambio-climatico-2014-1\/2014_09_17_3615jys.jpg\" alt=\"\" \/><img class=\"skip-lazy no-lazyload noLazy\" data-lazy-src=\"\" src =\"https:\/\/uni2ajesus.com\/wp-content\/flagallery\/marcha-ciudadana-cambio-climatico-2014-1\/2014_09_17_3617jys.jpg\" alt=\"\" \/><\/noscript>\n<p>&nbsp;<\/p>\n","protected":false},"excerpt":{"rendered":"<p>A lo largo de estas semanas, Juan ha ido participando en un grupo convocado por la red social de acci\u00f3n ciudadana www.avaaz.com para participar en una Marcha Ciudadana Global contra el Cambio\u00a0 Clim\u00e1tico. Este grupo, formado por personas diversas, han organizado este evento. Entre otras acciones, hemos ayudado a que un buen grupo de j\u00f3venes &hellip; <a href=\"https:\/\/uni2ajesus.com\/?p=394\" class=\"more-link\">Seguir leyendo <span class=\"screen-reader-text\">Preparamos la marcha ciudadana contra el cambio clim\u00e1tico<\/span> <span class=\"meta-nav\">&rarr;<\/span><\/a><\/p>\n","protected":false},"author":2,"featured_media":0,"comment_status":"closed","ping_status":"open","sticky":false,"template":"","format":"standard","meta":{"footnotes":""},"categories":[121],"tags":[122,123,125,124],"class_list":["post-394","post","type-post","status-publish","format-standard","hentry","category-accion-ecologista","tag-avaaz","tag-cambio-climatico","tag-manifestacion","tag-marcha-ciudadana"],"_links":{"self":[{"href":"https:\/\/uni2ajesus.com\/index.php?rest_route=\/wp\/v2\/posts\/394","targetHints":{"allow":["GET"]}}],"collection":[{"href":"https:\/\/uni2ajesus.com\/index.php?rest_route=\/wp\/v2\/posts"}],"about":[{"href":"https:\/\/uni2ajesus.com\/index.php?rest_route=\/wp\/v2\/types\/post"}],"author":[{"embeddable":true,"href":"https:\/\/uni2ajesus.com\/index.php?rest_route=\/wp\/v2\/users\/2"}],"replies":[{"embeddable":true,"href":"https:\/\/uni2ajesus.com\/index.php?rest_route=%2Fwp%2Fv2%2Fcomments&post=394"}],"version-history":[{"count":1,"href":"https:\/\/uni2ajesus.com\/index.php?rest_route=\/wp\/v2\/posts\/394\/revisions"}],"predecessor-version":[{"id":395,"href":"https:\/\/uni2ajesus.com\/index.php?rest_route=\/wp\/v2\/posts\/394\/revisions\/395"}],"wp:attachment":[{"href":"https:\/\/uni2ajesus.com\/index.php?rest_route=%2Fwp%2Fv2%2Fmedia&parent=394"}],"wp:term":[{"taxonomy":"category","embeddable":true,"href":"https:\/\/uni2ajesus.com\/index.php?rest_route=%2Fwp%2Fv2%2Fcategories&post=394"},{"taxonomy":"post_tag","embeddable":true,"href":"https:\/\/uni2ajesus.com\/index.php?rest_route=%2Fwp%2Fv2%2Ftags&post=394"}],"curies":[{"name":"wp","href":"https:\/\/api.w.org\/{rel}","templated":true}]}}