{"id":396,"date":"2014-09-21T23:59:02","date_gmt":"2014-09-21T23:59:02","guid":{"rendered":"http:\/\/uni2ajesus.com\/?p=396"},"modified":"2014-09-27T23:07:27","modified_gmt":"2014-09-27T23:07:27","slug":"marcha-ciudadana-contra-el-cambio-climatico-2014","status":"publish","type":"post","link":"https:\/\/uni2ajesus.com\/?p=396","title":{"rendered":"Marcha ciudadana contra el cambio clim\u00e1tico 2014"},"content":{"rendered":"<p>Tras cantar y orar en la eucarist\u00eda de las 11, hemos caminado juntos hasta la Plaza de Espa\u00f1a donde hemos participado en la Marcha Ciudadana contra el cambio clim\u00e1tico que ha tenido lugar en m\u00e1s de 2.600 ciudades de todo el mundo. En Nueva York, la mayor, han asistido 400.000 personas. Nosotros, m\u00e1s modestos, \u00a1hemos sido 500! Pero ha sido muy bonito. Comenzando con un <em>flash mob<\/em>, una actuaci\u00f3n musical que parec\u00eda espont\u00e1nea pero que estaba muy currada, m\u00e1s de treinta m\u00fasicos y cantantes j\u00f3venes han interpretado \u00abWe are the world\u00bb. Luego Juan ha exhortado a los presentes a exigir a nuestros pol\u00edticos que hagan algo por el clima. Seguidamente, tras un bis del coro, centenares de personas han firmado la propuesta.<\/p>\n<p>Oremos juntos, y trabajemos, porque este tremendo problema sea encarado con la urgencia y el compromiso que requiere por parte de todos.<\/p>\n<p>Para m\u00e1s datos, pod\u00e9is leer el art\u00edculo que Juan public\u00f3 el pasado viernes en el Heraldo de Arag\u00f3n.<\/p>\n<p>&nbsp;<\/p>\n<p><a href=\"http:\/\/uni2ajesus.com\/wp-content\/uploads\/2014\/09\/combatircambioclimatico-JuanYzuel.jpg\"><img loading=\"lazy\" decoding=\"async\" class=\"alignnone size-medium wp-image-397\" alt=\"combatircambioclimatico-JuanYzuel\" src=\"http:\/\/uni2ajesus.com\/wp-content\/uploads\/2014\/09\/combatircambioclimatico-JuanYzuel-225x300.jpg\" width=\"225\" height=\"300\" srcset=\"https:\/\/uni2ajesus.com\/wp-content\/uploads\/2014\/09\/combatircambioclimatico-JuanYzuel-225x300.jpg 225w, https:\/\/uni2ajesus.com\/wp-content\/uploads\/2014\/09\/combatircambioclimatico-JuanYzuel.jpg 720w\" sizes=\"auto, (max-width: 225px) 100vw, 225px\" \/><\/a><\/p>\n<div class=\"flagallery amron_skin\" id=\"FlaGallery_sc1_92\" ><script type=\"application\/json\" class=\"FlaGallery_sc1_92\">{\"settings\":{\"collectionThumbColumns\":\"3\",\"collectionThumbRecomendedWidth\":\"260\",\"collectionPreloaderColor\":\"#333333\",\"linkTargetWindow\":\"_blank\",\"thumbSpacing\":\"10\",\"tagsFilter\":\"1\",\"tagCloudSort\":\"1\",\"tagCloudAll\":\"All\",\"tagCloudAllTagPresented\":\"1\",\"tagCloudStartIndex\":\"0\",\"tagCloudTextColor\":\"#000000\",\"tagCloudBgColor\":\"#eeeeee\",\"collectionThumbHoverColor\":\"rgba(0, 0, 0, .7)\",\"collectionThumbContentBGColor\":\"rgba(245,245,245,1)\",\"collectionThumbTitleShow\":\"1\",\"collectionThumbTitleColor\":\"rgba(0,0,0,1)\",\"collectionThumbFontSize\":\"18\",\"collectionThumbDescriptionShow\":\"1\",\"collectionThumbDescriptionColor\":\"rgba(0,0,0,1)\",\"collectionThumbDescriptionFontSize\":\"15\",\"collectionReadMoreButtonLabel\":\"Read More\",\"collectionReadMoreButtonLabelColor\":\"rgba(255, 255, 255, 1)\",\"collectionReadMoreButtonBGColor\":\"rgba(0, 0, 0, 1)\",\"collectionReadMoreButtonLabelColorHover\":\"rgba(0, 0, 0, 1)\",\"collectionReadMoreButtonBGColorHover\":\"rgba(235,235,235,1)\",\"modaBgColor\":\"rgba(0,0,0,0.9)\",\"modalInfoBoxBgColor\":\"rgba(255,255,255,1)\",\"modalInfoBoxTitleTextColor\":\"rgba(0,0,0,1)\",\"modalInfoBoxTextColor\":\"rgba(70,70,70,1)\",\"infoBarExifEnable\":\"1\",\"infoBarCountersEnable\":\"1\",\"infoBarDateInfoEnable\":\"1\",\"lightBoxEnable\":\"1\",\"copyR_Protection\":\"1\",\"copyR_Alert\":\"Hello, this photo is mine!\",\"sliderScrollNavi\":\"0\",\"sliderNextPrevAnimation\":\"animation\",\"sliderPreloaderColor\":\"#ffffff\",\"sliderBgColor\":\"rgba(0,0,0,0.8)\",\"sliderHeaderFooterBgColor\":\"#000000\",\"sliderNavigationColor\":\"rgba(0,0,0,1)\",\"sliderNavigationIconColor\":\"rgba(255,255,255,1)\",\"sliderNavigationColorOver\":\"rgba(255,255,255,1)\",\"sliderNavigationIconColorOver\":\"rgba(0,0,0,1)\",\"sliderItemTitleEnable\":\"1\",\"sliderItemTitleFontSize\":\"24\",\"sliderItemTitleTextColor\":\"#ffffff\",\"sliderThumbBarEnable\":\"1\",\"sliderThumbBarHoverColor\":\"#ffffff\",\"sliderThumbSubMenuBackgroundColor\":\"rgba(0,0,0,1)\",\"sliderThumbSubMenuBackgroundColorOver\":\"rgba(255,255,255,1)\",\"sliderThumbSubMenuIconColor\":\"rgba(255,255,255,1)\",\"sliderThumbSubMenuIconHoverColor\":\"rgba(0,0,0,1)\",\"sliderPlayButton\":\"1\",\"slideshowDelay\":\"8\",\"slideshowProgressBarColor\":\"rgba(255,255,255,1)\",\"slideshowProgressBarBGColor\":\"rgba(255,255,255,0.6)\",\"sliderInfoEnable\":\"1\",\"sliderZoomButton\":\"1\",\"sliderItemDownload\":\"1\",\"sliderSocialShareEnabled\":\"1\",\"sliderLikesEnabled\":\"1\",\"sliderFullScreen\":\"1\",\"customCSS\":\"\",\"key\":\"\",\"name\":\"\",\"galleryID\":\"sc1_92\",\"post_url\":\"https:\\\/\\\/uni2ajesus.com?rest_route=%2Fwp%2Fv2%2Fposts%2F396\",\"module_url\":\"https:\\\/\\\/uni2ajesus.com\\\/wp-content\\\/plugins\\\/flagallery-skins\\\/amron\\\/\"}, \"data\":[{\"gallery\":{\"gid\":\"92\",\"name\":\"marcha-ciudadana-cambio-climatico-2014-2\",\"path\":\"https:\\\/\\\/uni2ajesus.com\\\/wp-content\\\/flagallery\\\/marcha-ciudadana-cambio-climatico-2014-2\",\"title\":\"Marcha ciudadana cambio clim\\u00e1tico 2014 2\",\"galdesc\":\"\"},\"data\":[{\"pid\":\"920\",\"filename\":\"2014_09_21_3620jys.jpg\",\"description\":\"\",\"alttext\":\"\",\"link\":null,\"imagedate\":\"2014-09-21 11:48:09\",\"hitcounter\":\"184\",\"total_value\":\"0\",\"total_votes\":\"0\",\"meta_data\":{\"aperture\":\"F 3.8\",\"credit\":false,\"camera\":\"NIKON D90\",\"caption\":false,\"created_timestamp\":\"septiembre 21, 2014 11:48 am\",\"copyright\":false,\"focal_length\":\"22 mm\",\"iso\":400,\"shutter_speed\":\"1\\\/30 sec\",\"flash\":\"Fired\",\"title\":false,\"keywords\":false,\"width\":800,\"height\":531,\"saved\":true,\"thumbnail\":{\"width\":100,\"height\":66},\"webview\":{\"0\":800,\"1\":531,\"2\":2,\"3\":\"width=\\\"800\\\" height=\\\"531\\\"\",\"bits\":8,\"channels\":3,\"mime\":\"image\\\/jpeg\"}}},{\"pid\":\"921\",\"filename\":\"2014_09_21_3621jys.jpg\",\"description\":\"\",\"alttext\":\"\",\"link\":null,\"imagedate\":\"2014-09-21 11:55:00\",\"hitcounter\":\"128\",\"total_value\":\"0\",\"total_votes\":\"0\",\"meta_data\":{\"aperture\":\"F 9\",\"credit\":false,\"camera\":\"NIKON D90\",\"caption\":false,\"created_timestamp\":\"septiembre 21, 2014 11:55 am\",\"copyright\":false,\"focal_length\":\"18 mm\",\"iso\":400,\"shutter_speed\":\"1\\\/200 sec\",\"flash\":\"Fired\",\"title\":false,\"keywords\":false,\"width\":800,\"height\":531,\"saved\":true,\"thumbnail\":{\"width\":100,\"height\":66},\"webview\":{\"0\":800,\"1\":531,\"2\":2,\"3\":\"width=\\\"800\\\" height=\\\"531\\\"\",\"bits\":8,\"channels\":3,\"mime\":\"image\\\/jpeg\"}}},{\"pid\":\"922\",\"filename\":\"2014_09_21_3624jys.jpg\",\"description\":\"\",\"alttext\":\"\",\"link\":null,\"imagedate\":\"2014-09-21 13:07:32\",\"hitcounter\":\"106\",\"total_value\":\"0\",\"total_votes\":\"0\",\"meta_data\":{\"aperture\":\"F 10\",\"credit\":false,\"camera\":\"NIKON D90\",\"caption\":false,\"created_timestamp\":\"septiembre 21, 2014 1:07 pm\",\"copyright\":false,\"focal_length\":\"26 mm\",\"iso\":400,\"shutter_speed\":\"1\\\/200 sec\",\"flash\":\"Fired\",\"title\":false,\"keywords\":false,\"width\":800,\"height\":531,\"saved\":true,\"thumbnail\":{\"width\":100,\"height\":66},\"webview\":{\"0\":800,\"1\":531,\"2\":2,\"3\":\"width=\\\"800\\\" height=\\\"531\\\"\",\"bits\":8,\"channels\":3,\"mime\":\"image\\\/jpeg\"}}},{\"pid\":\"923\",\"filename\":\"2014_09_21_3631jys.jpg\",\"description\":\"\",\"alttext\":\"\",\"link\":null,\"imagedate\":\"2014-09-21 13:10:10\",\"hitcounter\":\"99\",\"total_value\":\"0\",\"total_votes\":\"0\",\"meta_data\":{\"aperture\":\"F 3.8\",\"credit\":false,\"camera\":\"NIKON D90\",\"caption\":false,\"created_timestamp\":\"septiembre 21, 2014 1:10 pm\",\"copyright\":false,\"focal_length\":\"21 mm\",\"iso\":400,\"shutter_speed\":\"1\\\/4000 sec\",\"flash\":\"Not fired\",\"title\":false,\"keywords\":false,\"width\":800,\"height\":531,\"saved\":true,\"thumbnail\":{\"width\":100,\"height\":66},\"webview\":{\"0\":800,\"1\":531,\"2\":2,\"3\":\"width=\\\"800\\\" height=\\\"531\\\"\",\"bits\":8,\"channels\":3,\"mime\":\"image\\\/jpeg\"}}},{\"pid\":\"924\",\"filename\":\"2014_09_21_3635jys.jpg\",\"description\":\"\",\"alttext\":\"\",\"link\":null,\"imagedate\":\"2014-09-21 13:11:36\",\"hitcounter\":\"85\",\"total_value\":\"0\",\"total_votes\":\"0\",\"meta_data\":{\"aperture\":\"F 5.3\",\"credit\":false,\"camera\":\"NIKON D90\",\"caption\":false,\"created_timestamp\":\"septiembre 21, 2014 1:11 pm\",\"copyright\":false,\"focal_length\":\"62 mm\",\"iso\":400,\"shutter_speed\":\"1\\\/800 sec\",\"flash\":\"Not fired\",\"title\":false,\"keywords\":false,\"width\":800,\"height\":531,\"saved\":true,\"thumbnail\":{\"width\":100,\"height\":66},\"webview\":{\"0\":800,\"1\":531,\"2\":2,\"3\":\"width=\\\"800\\\" height=\\\"531\\\"\",\"bits\":8,\"channels\":3,\"mime\":\"image\\\/jpeg\"}}},{\"pid\":\"925\",\"filename\":\"2014_09_21_3637jys.jpg\",\"description\":\"\",\"alttext\":\"\",\"link\":null,\"imagedate\":\"2014-09-21 13:12:35\",\"hitcounter\":\"74\",\"total_value\":\"0\",\"total_votes\":\"0\",\"meta_data\":{\"aperture\":\"F 16\",\"credit\":false,\"camera\":\"NIKON D90\",\"caption\":false,\"created_timestamp\":\"septiembre 21, 2014 1:12 pm\",\"copyright\":false,\"focal_length\":\"18 mm\",\"iso\":400,\"shutter_speed\":\"1\\\/200 sec\",\"flash\":\"Fired\",\"title\":false,\"keywords\":false,\"width\":800,\"height\":531,\"saved\":true,\"thumbnail\":{\"width\":100,\"height\":66},\"webview\":{\"0\":800,\"1\":531,\"2\":2,\"3\":\"width=\\\"800\\\" height=\\\"531\\\"\",\"bits\":8,\"channels\":3,\"mime\":\"image\\\/jpeg\"}}},{\"pid\":\"926\",\"filename\":\"2014_09_21_3641jys.jpg\",\"description\":\"\",\"alttext\":\"\",\"link\":null,\"imagedate\":\"2014-09-21 13:15:42\",\"hitcounter\":\"69\",\"total_value\":\"0\",\"total_votes\":\"0\",\"meta_data\":{\"aperture\":\"F 5.6\",\"credit\":false,\"camera\":\"NIKON D90\",\"caption\":false,\"created_timestamp\":\"septiembre 21, 2014 1:15 pm\",\"copyright\":false,\"focal_length\":\"105 mm\",\"iso\":400,\"shutter_speed\":\"1\\\/2500 sec\",\"flash\":\"Not fired\",\"title\":false,\"keywords\":false,\"width\":800,\"height\":531,\"saved\":true,\"thumbnail\":{\"width\":100,\"height\":66},\"webview\":{\"0\":800,\"1\":531,\"2\":2,\"3\":\"width=\\\"800\\\" height=\\\"531\\\"\",\"bits\":8,\"channels\":3,\"mime\":\"image\\\/jpeg\"}}},{\"pid\":\"927\",\"filename\":\"2014_09_21_3644jys.jpg\",\"description\":\"\",\"alttext\":\"\",\"link\":null,\"imagedate\":\"2014-09-21 13:16:27\",\"hitcounter\":\"65\",\"total_value\":\"0\",\"total_votes\":\"0\",\"meta_data\":{\"aperture\":\"F 5.6\",\"credit\":false,\"camera\":\"NIKON D90\",\"caption\":false,\"created_timestamp\":\"septiembre 21, 2014 1:16 pm\",\"copyright\":false,\"focal_length\":\"105 mm\",\"iso\":400,\"shutter_speed\":\"1\\\/800 sec\",\"flash\":\"Not fired\",\"title\":false,\"keywords\":false,\"width\":800,\"height\":531,\"saved\":true,\"thumbnail\":{\"width\":100,\"height\":66},\"webview\":{\"0\":800,\"1\":531,\"2\":2,\"3\":\"width=\\\"800\\\" height=\\\"531\\\"\",\"bits\":8,\"channels\":3,\"mime\":\"image\\\/jpeg\"}}},{\"pid\":\"928\",\"filename\":\"2014_09_21_3645jys.jpg\",\"description\":\"\",\"alttext\":\"\",\"link\":null,\"imagedate\":\"2014-09-21 13:17:40\",\"hitcounter\":\"56\",\"total_value\":\"0\",\"total_votes\":\"0\",\"meta_data\":{\"aperture\":\"F 3.8\",\"credit\":false,\"camera\":\"NIKON D90\",\"caption\":false,\"created_timestamp\":\"septiembre 21, 2014 1:17 pm\",\"copyright\":false,\"focal_length\":\"24 mm\",\"iso\":400,\"shutter_speed\":\"1\\\/1600 sec\",\"flash\":\"Not fired\",\"title\":false,\"keywords\":false,\"width\":800,\"height\":531,\"saved\":true,\"thumbnail\":{\"width\":100,\"height\":66},\"webview\":{\"0\":800,\"1\":531,\"2\":2,\"3\":\"width=\\\"800\\\" height=\\\"531\\\"\",\"bits\":8,\"channels\":3,\"mime\":\"image\\\/jpeg\"}}},{\"pid\":\"929\",\"filename\":\"2014_09_21_3648jys.jpg\",\"description\":\"\",\"alttext\":\"\",\"link\":null,\"imagedate\":\"2014-09-21 13:18:27\",\"hitcounter\":\"49\",\"total_value\":\"0\",\"total_votes\":\"0\",\"meta_data\":{\"aperture\":\"F 5.3\",\"credit\":false,\"camera\":\"NIKON D90\",\"caption\":false,\"created_timestamp\":\"septiembre 21, 2014 1:18 pm\",\"copyright\":false,\"focal_length\":\"75 mm\",\"iso\":400,\"shutter_speed\":\"1\\\/500 sec\",\"flash\":\"Not fired\",\"title\":false,\"keywords\":false,\"width\":800,\"height\":531,\"saved\":true,\"thumbnail\":{\"width\":100,\"height\":66},\"webview\":{\"0\":800,\"1\":531,\"2\":2,\"3\":\"width=\\\"800\\\" height=\\\"531\\\"\",\"bits\":8,\"channels\":3,\"mime\":\"image\\\/jpeg\"}}},{\"pid\":\"952\",\"filename\":\"2014_09_21_3659jys.jpg\",\"description\":\"\",\"alttext\":\"\",\"link\":null,\"imagedate\":\"2014-09-21 13:32:37\",\"hitcounter\":\"46\",\"total_value\":\"0\",\"total_votes\":\"0\",\"meta_data\":{\"aperture\":\"F 3.8\",\"credit\":false,\"camera\":\"NIKON D90\",\"caption\":false,\"created_timestamp\":\"septiembre 21, 2014 1:32 pm\",\"copyright\":false,\"focal_length\":\"21 mm\",\"iso\":400,\"shutter_speed\":\"1\\\/1600 sec\",\"flash\":\"Not fired\",\"title\":false,\"keywords\":false,\"width\":800,\"height\":531,\"saved\":true,\"thumbnail\":{\"width\":100,\"height\":66},\"webview\":{\"0\":800,\"1\":531,\"2\":2,\"3\":\"width=\\\"800\\\" height=\\\"531\\\"\",\"bits\":8,\"channels\":3,\"mime\":\"image\\\/jpeg\"}}}]}]}<\/script><\/div><noscript id=\"noscript_FlaGallery_sc1_92\"><img class=\"skip-lazy no-lazyload noLazy\" data-lazy-src=\"\" src =\"https:\/\/uni2ajesus.com\/wp-content\/flagallery\/marcha-ciudadana-cambio-climatico-2014-2\/2014_09_21_3620jys.jpg\" alt=\"\" \/><img class=\"skip-lazy no-lazyload noLazy\" data-lazy-src=\"\" src =\"https:\/\/uni2ajesus.com\/wp-content\/flagallery\/marcha-ciudadana-cambio-climatico-2014-2\/2014_09_21_3621jys.jpg\" alt=\"\" \/><img class=\"skip-lazy no-lazyload noLazy\" data-lazy-src=\"\" src =\"https:\/\/uni2ajesus.com\/wp-content\/flagallery\/marcha-ciudadana-cambio-climatico-2014-2\/2014_09_21_3624jys.jpg\" alt=\"\" \/><img class=\"skip-lazy no-lazyload noLazy\" data-lazy-src=\"\" src =\"https:\/\/uni2ajesus.com\/wp-content\/flagallery\/marcha-ciudadana-cambio-climatico-2014-2\/2014_09_21_3631jys.jpg\" alt=\"\" \/><img class=\"skip-lazy no-lazyload noLazy\" data-lazy-src=\"\" src =\"https:\/\/uni2ajesus.com\/wp-content\/flagallery\/marcha-ciudadana-cambio-climatico-2014-2\/2014_09_21_3635jys.jpg\" alt=\"\" \/><img class=\"skip-lazy no-lazyload noLazy\" data-lazy-src=\"\" src =\"https:\/\/uni2ajesus.com\/wp-content\/flagallery\/marcha-ciudadana-cambio-climatico-2014-2\/2014_09_21_3637jys.jpg\" alt=\"\" \/><img class=\"skip-lazy no-lazyload noLazy\" data-lazy-src=\"\" src =\"https:\/\/uni2ajesus.com\/wp-content\/flagallery\/marcha-ciudadana-cambio-climatico-2014-2\/2014_09_21_3641jys.jpg\" alt=\"\" \/><img class=\"skip-lazy no-lazyload noLazy\" data-lazy-src=\"\" src =\"https:\/\/uni2ajesus.com\/wp-content\/flagallery\/marcha-ciudadana-cambio-climatico-2014-2\/2014_09_21_3644jys.jpg\" alt=\"\" \/><img class=\"skip-lazy no-lazyload noLazy\" data-lazy-src=\"\" src =\"https:\/\/uni2ajesus.com\/wp-content\/flagallery\/marcha-ciudadana-cambio-climatico-2014-2\/2014_09_21_3645jys.jpg\" alt=\"\" \/><img class=\"skip-lazy no-lazyload noLazy\" data-lazy-src=\"\" src =\"https:\/\/uni2ajesus.com\/wp-content\/flagallery\/marcha-ciudadana-cambio-climatico-2014-2\/2014_09_21_3648jys.jpg\" alt=\"\" \/><img class=\"skip-lazy no-lazyload noLazy\" data-lazy-src=\"\" src =\"https:\/\/uni2ajesus.com\/wp-content\/flagallery\/marcha-ciudadana-cambio-climatico-2014-2\/2014_09_21_3659jys.jpg\" alt=\"\" \/><\/noscript>\n","protected":false},"excerpt":{"rendered":"<p>Tras cantar y orar en la eucarist\u00eda de las 11, hemos caminado juntos hasta la Plaza de Espa\u00f1a donde hemos participado en la Marcha Ciudadana contra el cambio clim\u00e1tico que ha tenido lugar en m\u00e1s de 2.600 ciudades de todo el mundo. En Nueva York, la mayor, han asistido 400.000 personas. Nosotros, m\u00e1s modestos, \u00a1hemos &hellip; <a href=\"https:\/\/uni2ajesus.com\/?p=396\" class=\"more-link\">Seguir leyendo <span class=\"screen-reader-text\">Marcha ciudadana contra el cambio clim\u00e1tico 2014<\/span> <span class=\"meta-nav\">&rarr;<\/span><\/a><\/p>\n","protected":false},"author":2,"featured_media":0,"comment_status":"closed","ping_status":"open","sticky":false,"template":"","format":"standard","meta":{"footnotes":""},"categories":[121,31],"tags":[122,123,126,125,124],"class_list":["post-396","post","type-post","status-publish","format-standard","hentry","category-accion-ecologista","category-naturaleza","tag-avaaz","tag-cambio-climatico","tag-heraldo-de-aragon","tag-manifestacion","tag-marcha-ciudadana"],"_links":{"self":[{"href":"https:\/\/uni2ajesus.com\/index.php?rest_route=\/wp\/v2\/posts\/396","targetHints":{"allow":["GET"]}}],"collection":[{"href":"https:\/\/uni2ajesus.com\/index.php?rest_route=\/wp\/v2\/posts"}],"about":[{"href":"https:\/\/uni2ajesus.com\/index.php?rest_route=\/wp\/v2\/types\/post"}],"author":[{"embeddable":true,"href":"https:\/\/uni2ajesus.com\/index.php?rest_route=\/wp\/v2\/users\/2"}],"replies":[{"embeddable":true,"href":"https:\/\/uni2ajesus.com\/index.php?rest_route=%2Fwp%2Fv2%2Fcomments&post=396"}],"version-history":[{"count":1,"href":"https:\/\/uni2ajesus.com\/index.php?rest_route=\/wp\/v2\/posts\/396\/revisions"}],"predecessor-version":[{"id":398,"href":"https:\/\/uni2ajesus.com\/index.php?rest_route=\/wp\/v2\/posts\/396\/revisions\/398"}],"wp:attachment":[{"href":"https:\/\/uni2ajesus.com\/index.php?rest_route=%2Fwp%2Fv2%2Fmedia&parent=396"}],"wp:term":[{"taxonomy":"category","embeddable":true,"href":"https:\/\/uni2ajesus.com\/index.php?rest_route=%2Fwp%2Fv2%2Fcategories&post=396"},{"taxonomy":"post_tag","embeddable":true,"href":"https:\/\/uni2ajesus.com\/index.php?rest_route=%2Fwp%2Fv2%2Ftags&post=396"}],"curies":[{"name":"wp","href":"https:\/\/api.w.org\/{rel}","templated":true}]}}