{"id":449,"date":"2015-01-17T18:55:58","date_gmt":"2015-01-17T18:55:58","guid":{"rendered":"http:\/\/uni2ajesus.com\/?p=449"},"modified":"2015-09-06T08:07:55","modified_gmt":"2015-09-06T08:07:55","slug":"noche-de-comunidad-2","status":"publish","type":"post","link":"https:\/\/uni2ajesus.com\/?p=449","title":{"rendered":"Noche de comunidad enero 2015"},"content":{"rendered":"<p>Esta noche ha incluido la presencia de Sarah y Lila, dos estudiantes alemanas que se han unido a nosotros en estos meses&#8230; Oraci\u00f3n, reflexi\u00f3n (esta vez animada por Vicente de las Casas), cena y cumplea\u00f1os&#8230;<\/p>\n<p>La lectura de Evangelii Gaudium no es f\u00e1cil, pero el Papa nos anima con ella a vivir el evangelio de la alegr\u00eda, \u00a1y en eso estamos!<\/p>\n<div class=\"flagallery amron_skin\" id=\"FlaGallery_sc1_101\" ><script type=\"application\/json\" class=\"FlaGallery_sc1_101\">{\"settings\":{\"collectionThumbColumns\":\"3\",\"collectionThumbRecomendedWidth\":\"260\",\"collectionPreloaderColor\":\"#333333\",\"linkTargetWindow\":\"_blank\",\"thumbSpacing\":\"10\",\"tagsFilter\":\"1\",\"tagCloudSort\":\"1\",\"tagCloudAll\":\"All\",\"tagCloudAllTagPresented\":\"1\",\"tagCloudStartIndex\":\"0\",\"tagCloudTextColor\":\"#000000\",\"tagCloudBgColor\":\"#eeeeee\",\"collectionThumbHoverColor\":\"rgba(0, 0, 0, .7)\",\"collectionThumbContentBGColor\":\"rgba(245,245,245,1)\",\"collectionThumbTitleShow\":\"1\",\"collectionThumbTitleColor\":\"rgba(0,0,0,1)\",\"collectionThumbFontSize\":\"18\",\"collectionThumbDescriptionShow\":\"1\",\"collectionThumbDescriptionColor\":\"rgba(0,0,0,1)\",\"collectionThumbDescriptionFontSize\":\"15\",\"collectionReadMoreButtonLabel\":\"Read More\",\"collectionReadMoreButtonLabelColor\":\"rgba(255, 255, 255, 1)\",\"collectionReadMoreButtonBGColor\":\"rgba(0, 0, 0, 1)\",\"collectionReadMoreButtonLabelColorHover\":\"rgba(0, 0, 0, 1)\",\"collectionReadMoreButtonBGColorHover\":\"rgba(235,235,235,1)\",\"modaBgColor\":\"rgba(0,0,0,0.9)\",\"modalInfoBoxBgColor\":\"rgba(255,255,255,1)\",\"modalInfoBoxTitleTextColor\":\"rgba(0,0,0,1)\",\"modalInfoBoxTextColor\":\"rgba(70,70,70,1)\",\"infoBarExifEnable\":\"1\",\"infoBarCountersEnable\":\"1\",\"infoBarDateInfoEnable\":\"1\",\"lightBoxEnable\":\"1\",\"copyR_Protection\":\"1\",\"copyR_Alert\":\"Hello, this photo is mine!\",\"sliderScrollNavi\":\"0\",\"sliderNextPrevAnimation\":\"animation\",\"sliderPreloaderColor\":\"#ffffff\",\"sliderBgColor\":\"rgba(0,0,0,0.8)\",\"sliderHeaderFooterBgColor\":\"#000000\",\"sliderNavigationColor\":\"rgba(0,0,0,1)\",\"sliderNavigationIconColor\":\"rgba(255,255,255,1)\",\"sliderNavigationColorOver\":\"rgba(255,255,255,1)\",\"sliderNavigationIconColorOver\":\"rgba(0,0,0,1)\",\"sliderItemTitleEnable\":\"1\",\"sliderItemTitleFontSize\":\"24\",\"sliderItemTitleTextColor\":\"#ffffff\",\"sliderThumbBarEnable\":\"1\",\"sliderThumbBarHoverColor\":\"#ffffff\",\"sliderThumbSubMenuBackgroundColor\":\"rgba(0,0,0,1)\",\"sliderThumbSubMenuBackgroundColorOver\":\"rgba(255,255,255,1)\",\"sliderThumbSubMenuIconColor\":\"rgba(255,255,255,1)\",\"sliderThumbSubMenuIconHoverColor\":\"rgba(0,0,0,1)\",\"sliderPlayButton\":\"1\",\"slideshowDelay\":\"8\",\"slideshowProgressBarColor\":\"rgba(255,255,255,1)\",\"slideshowProgressBarBGColor\":\"rgba(255,255,255,0.6)\",\"sliderInfoEnable\":\"1\",\"sliderZoomButton\":\"1\",\"sliderItemDownload\":\"1\",\"sliderSocialShareEnabled\":\"1\",\"sliderLikesEnabled\":\"1\",\"sliderFullScreen\":\"1\",\"customCSS\":\"\",\"key\":\"\",\"name\":\"\",\"galleryID\":\"sc1_101\",\"post_url\":\"https:\\\/\\\/uni2ajesus.com?rest_route=%2Fwp%2Fv2%2Fposts%2F449\",\"module_url\":\"https:\\\/\\\/uni2ajesus.com\\\/wp-content\\\/plugins\\\/flagallery-skins\\\/amron\\\/\"}, \"data\":[{\"gallery\":{\"gid\":\"101\",\"name\":\"noche-de-comunidad-2015-1\",\"path\":\"https:\\\/\\\/uni2ajesus.com\\\/wp-content\\\/flagallery\\\/noche-de-comunidad-2015-1\",\"title\":\"Noche de comunidad 2015 1\",\"galdesc\":\"\"},\"data\":[{\"pid\":\"1107\",\"filename\":\"2015_01_16_4521jys.jpg\",\"description\":\"????????????????????????????????????\",\"alttext\":\"\",\"link\":null,\"imagedate\":\"2015-01-16 21:25:21\",\"hitcounter\":\"168\",\"total_value\":\"0\",\"total_votes\":\"0\",\"meta_data\":{\"aperture\":\"F 5.6\",\"credit\":false,\"camera\":\"NIKON D90\",\"caption\":\"????????????????????????????????????\",\"created_timestamp\":\"enero 16, 2015 9:25 pm\",\"copyright\":false,\"focal_length\":\"18 mm\",\"iso\":3200,\"shutter_speed\":\"1\\\/30 sec\",\"flash\":\"Fired\",\"title\":false,\"keywords\":false,\"width\":800,\"height\":531,\"saved\":true,\"thumbnail\":{\"width\":100,\"height\":66},\"webview\":{\"0\":800,\"1\":531,\"2\":2,\"3\":\"width=\\\"800\\\" height=\\\"531\\\"\",\"bits\":8,\"channels\":3,\"mime\":\"image\\\/jpeg\"}}},{\"pid\":\"1108\",\"filename\":\"2015_01_16_4522jys.jpg\",\"description\":\"????????????????????????????????????\",\"alttext\":\"\",\"link\":null,\"imagedate\":\"2015-01-16 22:22:19\",\"hitcounter\":\"128\",\"total_value\":\"0\",\"total_votes\":\"0\",\"meta_data\":{\"aperture\":\"F 7.1\",\"credit\":false,\"camera\":\"NIKON D90\",\"caption\":\"????????????????????????????????????\",\"created_timestamp\":\"enero 16, 2015 10:22 pm\",\"copyright\":false,\"focal_length\":\"18 mm\",\"iso\":3200,\"shutter_speed\":\"1\\\/50 sec\",\"flash\":\"Not fired\",\"title\":false,\"keywords\":false,\"width\":800,\"height\":531,\"saved\":true,\"thumbnail\":{\"width\":100,\"height\":66},\"webview\":{\"0\":800,\"1\":531,\"2\":2,\"3\":\"width=\\\"800\\\" height=\\\"531\\\"\",\"bits\":8,\"channels\":3,\"mime\":\"image\\\/jpeg\"}}},{\"pid\":\"1109\",\"filename\":\"2015_01_16_4524jys.jpg\",\"description\":\"????????????????????????????????????\",\"alttext\":\"\",\"link\":null,\"imagedate\":\"2015-01-16 23:06:15\",\"hitcounter\":\"103\",\"total_value\":\"0\",\"total_votes\":\"0\",\"meta_data\":{\"aperture\":\"F 5.6\",\"credit\":false,\"camera\":\"NIKON D90\",\"caption\":\"????????????????????????????????????\",\"created_timestamp\":\"enero 16, 2015 11:06 pm\",\"copyright\":false,\"focal_length\":\"18 mm\",\"iso\":3200,\"shutter_speed\":\"1\\\/40 sec\",\"flash\":\"Fired\",\"title\":false,\"keywords\":false,\"width\":800,\"height\":531,\"saved\":true,\"thumbnail\":{\"width\":100,\"height\":66},\"webview\":{\"0\":800,\"1\":531,\"2\":2,\"3\":\"width=\\\"800\\\" height=\\\"531\\\"\",\"bits\":8,\"channels\":3,\"mime\":\"image\\\/jpeg\"}}},{\"pid\":\"1110\",\"filename\":\"2015_01_16_4527jys.jpg\",\"description\":\"????????????????????????????????????\",\"alttext\":\"\",\"link\":null,\"imagedate\":\"2015-01-16 23:51:02\",\"hitcounter\":\"90\",\"total_value\":\"0\",\"total_votes\":\"0\",\"meta_data\":{\"aperture\":\"F 5.6\",\"credit\":false,\"camera\":\"NIKON D90\",\"caption\":\"????????????????????????????????????\",\"created_timestamp\":\"enero 16, 2015 11:51 pm\",\"copyright\":false,\"focal_length\":\"18 mm\",\"iso\":3200,\"shutter_speed\":\"1\\\/30 sec\",\"flash\":\"Fired\",\"title\":false,\"keywords\":false,\"width\":800,\"height\":531,\"saved\":true,\"thumbnail\":{\"width\":100,\"height\":66},\"webview\":{\"0\":800,\"1\":531,\"2\":2,\"3\":\"width=\\\"800\\\" height=\\\"531\\\"\",\"bits\":8,\"channels\":3,\"mime\":\"image\\\/jpeg\"}}},{\"pid\":\"1111\",\"filename\":\"2015_01_16_4531jys.jpg\",\"description\":\"????????????????????????????????????\",\"alttext\":\"\",\"link\":null,\"imagedate\":\"2015-01-16 23:53:04\",\"hitcounter\":\"84\",\"total_value\":\"0\",\"total_votes\":\"0\",\"meta_data\":{\"aperture\":\"F 5.6\",\"credit\":false,\"camera\":\"NIKON D90\",\"caption\":\"????????????????????????????????????\",\"created_timestamp\":\"enero 16, 2015 11:53 pm\",\"copyright\":false,\"focal_length\":\"30 mm\",\"iso\":3200,\"shutter_speed\":\"1\\\/100 sec\",\"flash\":\"Fired\",\"title\":false,\"keywords\":false,\"width\":800,\"height\":531,\"saved\":true,\"thumbnail\":{\"width\":100,\"height\":66},\"webview\":{\"0\":800,\"1\":531,\"2\":2,\"3\":\"width=\\\"800\\\" height=\\\"531\\\"\",\"bits\":8,\"channels\":3,\"mime\":\"image\\\/jpeg\"}}},{\"pid\":\"1112\",\"filename\":\"2015_01_16_4533jys.jpg\",\"description\":\"????????????????????????????????????\",\"alttext\":\"\",\"link\":null,\"imagedate\":\"2015-01-16 23:53:48\",\"hitcounter\":\"75\",\"total_value\":\"0\",\"total_votes\":\"0\",\"meta_data\":{\"aperture\":\"F 5.6\",\"credit\":false,\"camera\":\"NIKON D90\",\"caption\":\"????????????????????????????????????\",\"created_timestamp\":\"enero 16, 2015 11:53 pm\",\"copyright\":false,\"focal_length\":\"38 mm\",\"iso\":3200,\"shutter_speed\":\"1\\\/60 sec\",\"flash\":\"Fired\",\"title\":false,\"keywords\":false,\"width\":800,\"height\":531,\"saved\":true,\"thumbnail\":{\"width\":100,\"height\":66},\"webview\":{\"0\":800,\"1\":531,\"2\":2,\"3\":\"width=\\\"800\\\" height=\\\"531\\\"\",\"bits\":8,\"channels\":3,\"mime\":\"image\\\/jpeg\"}}},{\"pid\":\"1113\",\"filename\":\"2015_01_17_4535jys.jpg\",\"description\":\"????????????????????????????????????\",\"alttext\":\"\",\"link\":null,\"imagedate\":\"2015-01-17 00:01:31\",\"hitcounter\":\"66\",\"total_value\":\"0\",\"total_votes\":\"0\",\"meta_data\":{\"aperture\":\"F 5.6\",\"credit\":false,\"camera\":\"NIKON D90\",\"caption\":\"????????????????????????????????????\",\"created_timestamp\":\"enero 17, 2015 12:01 am\",\"copyright\":false,\"focal_length\":\"24 mm\",\"iso\":3200,\"shutter_speed\":\"1\\\/30 sec\",\"flash\":\"Fired\",\"title\":false,\"keywords\":false,\"width\":800,\"height\":531,\"saved\":true,\"thumbnail\":{\"width\":100,\"height\":66},\"webview\":{\"0\":800,\"1\":531,\"2\":2,\"3\":\"width=\\\"800\\\" height=\\\"531\\\"\",\"bits\":8,\"channels\":3,\"mime\":\"image\\\/jpeg\"}}},{\"pid\":\"1114\",\"filename\":\"2015_01_17_4536jys.jpg\",\"description\":\"????????????????????????????????????\",\"alttext\":\"\",\"link\":null,\"imagedate\":\"2015-01-17 00:01:37\",\"hitcounter\":\"63\",\"total_value\":\"0\",\"total_votes\":\"0\",\"meta_data\":{\"aperture\":\"F 5.6\",\"credit\":false,\"camera\":\"NIKON D90\",\"caption\":\"????????????????????????????????????\",\"created_timestamp\":\"enero 17, 2015 12:01 am\",\"copyright\":false,\"focal_length\":\"24 mm\",\"iso\":3200,\"shutter_speed\":\"1\\\/30 sec\",\"flash\":\"Fired\",\"title\":false,\"keywords\":false,\"width\":800,\"height\":531,\"saved\":true,\"thumbnail\":{\"width\":100,\"height\":66},\"webview\":{\"0\":800,\"1\":531,\"2\":2,\"3\":\"width=\\\"800\\\" height=\\\"531\\\"\",\"bits\":8,\"channels\":3,\"mime\":\"image\\\/jpeg\"}}}]}]}<\/script><\/div><noscript id=\"noscript_FlaGallery_sc1_101\"><img class=\"skip-lazy no-lazyload noLazy\" data-lazy-src=\"\" src =\"https:\/\/uni2ajesus.com\/wp-content\/flagallery\/noche-de-comunidad-2015-1\/2015_01_16_4521jys.jpg\" alt=\"\" \/><img class=\"skip-lazy no-lazyload noLazy\" data-lazy-src=\"\" src =\"https:\/\/uni2ajesus.com\/wp-content\/flagallery\/noche-de-comunidad-2015-1\/2015_01_16_4522jys.jpg\" alt=\"\" \/><img class=\"skip-lazy no-lazyload noLazy\" data-lazy-src=\"\" src =\"https:\/\/uni2ajesus.com\/wp-content\/flagallery\/noche-de-comunidad-2015-1\/2015_01_16_4524jys.jpg\" alt=\"\" \/><img class=\"skip-lazy no-lazyload noLazy\" data-lazy-src=\"\" src =\"https:\/\/uni2ajesus.com\/wp-content\/flagallery\/noche-de-comunidad-2015-1\/2015_01_16_4527jys.jpg\" alt=\"\" \/><img class=\"skip-lazy no-lazyload noLazy\" data-lazy-src=\"\" src =\"https:\/\/uni2ajesus.com\/wp-content\/flagallery\/noche-de-comunidad-2015-1\/2015_01_16_4531jys.jpg\" alt=\"\" \/><img class=\"skip-lazy no-lazyload noLazy\" data-lazy-src=\"\" src =\"https:\/\/uni2ajesus.com\/wp-content\/flagallery\/noche-de-comunidad-2015-1\/2015_01_16_4533jys.jpg\" alt=\"\" \/><img class=\"skip-lazy no-lazyload noLazy\" data-lazy-src=\"\" src =\"https:\/\/uni2ajesus.com\/wp-content\/flagallery\/noche-de-comunidad-2015-1\/2015_01_17_4535jys.jpg\" alt=\"\" \/><img class=\"skip-lazy no-lazyload noLazy\" data-lazy-src=\"\" src =\"https:\/\/uni2ajesus.com\/wp-content\/flagallery\/noche-de-comunidad-2015-1\/2015_01_17_4536jys.jpg\" alt=\"\" \/><\/noscript>\n","protected":false},"excerpt":{"rendered":"<p>Esta noche ha incluido la presencia de Sarah y Lila, dos estudiantes alemanas que se han unido a nosotros en estos meses&#8230; Oraci\u00f3n, reflexi\u00f3n (esta vez animada por Vicente de las Casas), cena y cumplea\u00f1os&#8230; La lectura de Evangelii Gaudium no es f\u00e1cil, pero el Papa nos anima con ella a vivir el evangelio de &hellip; <a href=\"https:\/\/uni2ajesus.com\/?p=449\" class=\"more-link\">Seguir leyendo <span class=\"screen-reader-text\">Noche de comunidad enero 2015<\/span> <span class=\"meta-nav\">&rarr;<\/span><\/a><\/p>\n","protected":false},"author":2,"featured_media":440,"comment_status":"closed","ping_status":"open","sticky":false,"template":"","format":"standard","meta":{"footnotes":""},"categories":[32,166,25],"tags":[167,144],"class_list":["post-449","post","type-post","status-publish","format-standard","has-post-thumbnail","hentry","category-familias","category-noche-de-comunidad","category-oracion","tag-noche-de-comunidad","tag-oracion"],"_links":{"self":[{"href":"https:\/\/uni2ajesus.com\/index.php?rest_route=\/wp\/v2\/posts\/449","targetHints":{"allow":["GET"]}}],"collection":[{"href":"https:\/\/uni2ajesus.com\/index.php?rest_route=\/wp\/v2\/posts"}],"about":[{"href":"https:\/\/uni2ajesus.com\/index.php?rest_route=\/wp\/v2\/types\/post"}],"author":[{"embeddable":true,"href":"https:\/\/uni2ajesus.com\/index.php?rest_route=\/wp\/v2\/users\/2"}],"replies":[{"embeddable":true,"href":"https:\/\/uni2ajesus.com\/index.php?rest_route=%2Fwp%2Fv2%2Fcomments&post=449"}],"version-history":[{"count":4,"href":"https:\/\/uni2ajesus.com\/index.php?rest_route=\/wp\/v2\/posts\/449\/revisions"}],"predecessor-version":[{"id":487,"href":"https:\/\/uni2ajesus.com\/index.php?rest_route=\/wp\/v2\/posts\/449\/revisions\/487"}],"wp:featuredmedia":[{"embeddable":true,"href":"https:\/\/uni2ajesus.com\/index.php?rest_route=\/wp\/v2\/media\/440"}],"wp:attachment":[{"href":"https:\/\/uni2ajesus.com\/index.php?rest_route=%2Fwp%2Fv2%2Fmedia&parent=449"}],"wp:term":[{"taxonomy":"category","embeddable":true,"href":"https:\/\/uni2ajesus.com\/index.php?rest_route=%2Fwp%2Fv2%2Fcategories&post=449"},{"taxonomy":"post_tag","embeddable":true,"href":"https:\/\/uni2ajesus.com\/index.php?rest_route=%2Fwp%2Fv2%2Ftags&post=449"}],"curies":[{"name":"wp","href":"https:\/\/api.w.org\/{rel}","templated":true}]}}