{"id":557,"date":"2017-06-11T20:54:11","date_gmt":"2017-06-11T18:54:11","guid":{"rendered":"http:\/\/uni2ajesus.com\/?p=557"},"modified":"2017-07-10T21:02:20","modified_gmt":"2017-07-10T19:02:20","slug":"concierto-esperanzarte-expo-2017","status":"publish","type":"post","link":"https:\/\/uni2ajesus.com\/?p=557","title":{"rendered":"Concierto EsperanzARTE Expo 2017"},"content":{"rendered":"<p>Como parte de nuestras fiestas parroquiales, hemos participado de nuevo en el concierto organizado por la Asociaci\u00f3n EsperanzARTE de artistas y creativos cristianos en la Expo, cerca de nuestra iglesia.<\/p>\n<p>Hemos sido los primeros en cantar, ayudando esta vez al Coro Cristo Rey y a nuestro propio Coro del Esp\u00edritu Santo, que animamos.<\/p>\n<p>A lo largo de dos horas han intervenido tambi\u00e9n David Ceamanos, cura de nuestra parroquia, el grupo juvenil \u00abDunamis\u00bb de la iglesia evang\u00e9lica Bautista del Actur, Rub\u00e9n de Lis y Marcelo Olima.<\/p>\n<p>La presencia de nuestros hermanos bautistas ha dado un matiz especial de ecumenismo y encuentro al concierto.<\/p>\n<p>Al acabar, hemos preparado un peque\u00f1o \u00e1gape para nuestros sacerdotes (Manolo Liarte y David), los m\u00fasicos que han aguantado hasta el final y nuestra propia comunidad.<\/p>\n<p>\u00a1Gracias, Se\u00f1or, por esta tarde de fe y alegr\u00eda en la calle, proclamando que sigues d\u00e1ndonos luz y vida!<\/p>\n","protected":false},"excerpt":{"rendered":"<p>Como parte de nuestras fiestas parroquiales, hemos participado de nuevo en el concierto organizado por la Asociaci\u00f3n EsperanzARTE de artistas y creativos cristianos en la Expo, cerca de nuestra iglesia. Hemos sido los primeros en cantar, ayudando esta vez al Coro Cristo Rey y a nuestro propio Coro del Esp\u00edritu Santo, que animamos. A lo &hellip; <a href=\"https:\/\/uni2ajesus.com\/?p=557\" class=\"more-link\">Seguir leyendo <span class=\"screen-reader-text\">Concierto EsperanzARTE Expo 2017<\/span> <span class=\"meta-nav\">&rarr;<\/span><\/a><\/p>\n","protected":false},"author":2,"featured_media":558,"comment_status":"closed","ping_status":"open","sticky":false,"template":"","format":"standard","meta":{"footnotes":""},"categories":[22,26,64,21,37],"tags":[93,66,115,187,188],"class_list":["post-557","post","type-post","status-publish","format-standard","has-post-thumbnail","hentry","category-coro","category-esperanzarte","category-fiestas","category-musica","category-comunidad-es","tag-david-ceamanos","tag-festival-esperanzarte","tag-manolo-liarte","tag-marcelo-olima","tag-ruben-de-lis"],"_links":{"self":[{"href":"https:\/\/uni2ajesus.com\/index.php?rest_route=\/wp\/v2\/posts\/557","targetHints":{"allow":["GET"]}}],"collection":[{"href":"https:\/\/uni2ajesus.com\/index.php?rest_route=\/wp\/v2\/posts"}],"about":[{"href":"https:\/\/uni2ajesus.com\/index.php?rest_route=\/wp\/v2\/types\/post"}],"author":[{"embeddable":true,"href":"https:\/\/uni2ajesus.com\/index.php?rest_route=\/wp\/v2\/users\/2"}],"replies":[{"embeddable":true,"href":"https:\/\/uni2ajesus.com\/index.php?rest_route=%2Fwp%2Fv2%2Fcomments&post=557"}],"version-history":[{"count":1,"href":"https:\/\/uni2ajesus.com\/index.php?rest_route=\/wp\/v2\/posts\/557\/revisions"}],"predecessor-version":[{"id":559,"href":"https:\/\/uni2ajesus.com\/index.php?rest_route=\/wp\/v2\/posts\/557\/revisions\/559"}],"wp:featuredmedia":[{"embeddable":true,"href":"https:\/\/uni2ajesus.com\/index.php?rest_route=\/wp\/v2\/media\/558"}],"wp:attachment":[{"href":"https:\/\/uni2ajesus.com\/index.php?rest_route=%2Fwp%2Fv2%2Fmedia&parent=557"}],"wp:term":[{"taxonomy":"category","embeddable":true,"href":"https:\/\/uni2ajesus.com\/index.php?rest_route=%2Fwp%2Fv2%2Fcategories&post=557"},{"taxonomy":"post_tag","embeddable":true,"href":"https:\/\/uni2ajesus.com\/index.php?rest_route=%2Fwp%2Fv2%2Ftags&post=557"}],"curies":[{"name":"wp","href":"https:\/\/api.w.org\/{rel}","templated":true}]}}