{"id":597,"date":"2017-12-03T01:23:00","date_gmt":"2017-12-02T23:23:00","guid":{"rendered":"http:\/\/uni2ajesus.com\/?p=597"},"modified":"2020-04-12T01:33:58","modified_gmt":"2020-04-11T23:33:58","slug":"adviento-2017","status":"publish","type":"post","link":"https:\/\/uni2ajesus.com\/?p=597","title":{"rendered":"Adviento 2017"},"content":{"rendered":"\n<p>Comenzamos a caminar con nuestros ni\u00f1os en este Adviento, con el lema \u00abTu compromiso mejora el mundo\u00bb. Hay domingos en los que mantenemos el evangelio de los ni\u00f1os en la capilla, para explic\u00e1rselo a su nivel, pero cada vez menos. Manolo, nuestro sacerdote, est\u00e1 prefiriendo hacer una misa de ni\u00f1os, donde ellos tienen todo el protagonismo. Nuestro coro, reforzado desde el a\u00f1o pasado con Clemente Chinchilla, nuestro bajista, Jos\u00e9 Antonio Ib\u00e1\u00f1ez, que toca varios instrumentos, y la voz de Susana Zapico, va d\u00e1ndole otro ritmo a las celebraciones.<\/p>\n\n\n\n<figure class=\"wp-block-image size-large\"><img loading=\"lazy\" decoding=\"async\" width=\"1024\" height=\"768\" src=\"http:\/\/uni2ajesus.com\/wp-content\/uploads\/2020\/04\/IMG_20171203_131306-1024x768.jpg\" alt=\"\" class=\"wp-image-599\" srcset=\"https:\/\/uni2ajesus.com\/wp-content\/uploads\/2020\/04\/IMG_20171203_131306-1024x768.jpg 1024w, https:\/\/uni2ajesus.com\/wp-content\/uploads\/2020\/04\/IMG_20171203_131306-300x225.jpg 300w, https:\/\/uni2ajesus.com\/wp-content\/uploads\/2020\/04\/IMG_20171203_131306-768x576.jpg 768w, https:\/\/uni2ajesus.com\/wp-content\/uploads\/2020\/04\/IMG_20171203_131306-1536x1152.jpg 1536w, https:\/\/uni2ajesus.com\/wp-content\/uploads\/2020\/04\/IMG_20171203_131306-2048x1536.jpg 2048w\" sizes=\"auto, (max-width: 1024px) 100vw, 1024px\" \/><\/figure>\n\n\n\n<figure class=\"wp-block-image size-large\"><img loading=\"lazy\" decoding=\"async\" width=\"1024\" height=\"768\" src=\"http:\/\/uni2ajesus.com\/wp-content\/uploads\/2020\/04\/IMG_20171203_131310-1024x768.jpg\" alt=\"\" class=\"wp-image-600\" srcset=\"https:\/\/uni2ajesus.com\/wp-content\/uploads\/2020\/04\/IMG_20171203_131310-1024x768.jpg 1024w, https:\/\/uni2ajesus.com\/wp-content\/uploads\/2020\/04\/IMG_20171203_131310-300x225.jpg 300w, https:\/\/uni2ajesus.com\/wp-content\/uploads\/2020\/04\/IMG_20171203_131310-768x576.jpg 768w, https:\/\/uni2ajesus.com\/wp-content\/uploads\/2020\/04\/IMG_20171203_131310-1536x1152.jpg 1536w, https:\/\/uni2ajesus.com\/wp-content\/uploads\/2020\/04\/IMG_20171203_131310-2048x1536.jpg 2048w\" sizes=\"auto, (max-width: 1024px) 100vw, 1024px\" \/><\/figure>\n","protected":false},"excerpt":{"rendered":"<p>Comenzamos a caminar con nuestros ni\u00f1os en este Adviento, con el lema \u00abTu compromiso mejora el mundo\u00bb. Hay domingos en los que mantenemos el evangelio de los ni\u00f1os en la capilla, para explic\u00e1rselo a su nivel, pero cada vez menos. Manolo, nuestro sacerdote, est\u00e1 prefiriendo hacer una misa de ni\u00f1os, donde ellos tienen todo el &hellip; <a href=\"https:\/\/uni2ajesus.com\/?p=597\" class=\"more-link\">Seguir leyendo <span class=\"screen-reader-text\">Adviento 2017<\/span> <span class=\"meta-nav\">&rarr;<\/span><\/a><\/p>\n","protected":false},"author":2,"featured_media":598,"comment_status":"closed","ping_status":"open","sticky":false,"template":"","format":"standard","meta":{"footnotes":""},"categories":[34,70,20,39,49,65],"tags":[114,196,140,83,197,195],"class_list":["post-597","post","type-post","status-publish","format-standard","has-post-thumbnail","hentry","category-catequesis","category-dias-especiales","category-eucaristia","category-evangelio-ninos","category-parroquia","category-servicio-a-los-ninos","tag-adviento","tag-clemente-chinchilla","tag-eucaristia","tag-evangelio-para-ninos","tag-jose-antonio-ibanez","tag-susana-zapico"],"_links":{"self":[{"href":"https:\/\/uni2ajesus.com\/index.php?rest_route=\/wp\/v2\/posts\/597","targetHints":{"allow":["GET"]}}],"collection":[{"href":"https:\/\/uni2ajesus.com\/index.php?rest_route=\/wp\/v2\/posts"}],"about":[{"href":"https:\/\/uni2ajesus.com\/index.php?rest_route=\/wp\/v2\/types\/post"}],"author":[{"embeddable":true,"href":"https:\/\/uni2ajesus.com\/index.php?rest_route=\/wp\/v2\/users\/2"}],"replies":[{"embeddable":true,"href":"https:\/\/uni2ajesus.com\/index.php?rest_route=%2Fwp%2Fv2%2Fcomments&post=597"}],"version-history":[{"count":2,"href":"https:\/\/uni2ajesus.com\/index.php?rest_route=\/wp\/v2\/posts\/597\/revisions"}],"predecessor-version":[{"id":602,"href":"https:\/\/uni2ajesus.com\/index.php?rest_route=\/wp\/v2\/posts\/597\/revisions\/602"}],"wp:featuredmedia":[{"embeddable":true,"href":"https:\/\/uni2ajesus.com\/index.php?rest_route=\/wp\/v2\/media\/598"}],"wp:attachment":[{"href":"https:\/\/uni2ajesus.com\/index.php?rest_route=%2Fwp%2Fv2%2Fmedia&parent=597"}],"wp:term":[{"taxonomy":"category","embeddable":true,"href":"https:\/\/uni2ajesus.com\/index.php?rest_route=%2Fwp%2Fv2%2Fcategories&post=597"},{"taxonomy":"post_tag","embeddable":true,"href":"https:\/\/uni2ajesus.com\/index.php?rest_route=%2Fwp%2Fv2%2Ftags&post=597"}],"curies":[{"name":"wp","href":"https:\/\/api.w.org\/{rel}","templated":true}]}}