{"id":618,"date":"2020-02-29T23:49:00","date_gmt":"2020-02-29T21:49:00","guid":{"rendered":"http:\/\/uni2ajesus.com\/?p=618"},"modified":"2020-04-18T08:55:59","modified_gmt":"2020-04-18T06:55:59","slug":"manolo-nuestro-cura-cumple-18-anos","status":"publish","type":"post","link":"https:\/\/uni2ajesus.com\/?p=618","title":{"rendered":"Manolo, nuestro cura, cumple 18 a\u00f1os&#8230;"},"content":{"rendered":"\n<p>Como Manolo Liarte, nuestro sacerdote, naci\u00f3 un 29 de febrero, y no es f\u00e1cil celebrarlo, hemos querido hacerle una fiesta junto con toda nuestra comunidad del Esp\u00edritu Santo, de la parroquia de San Andr\u00e9s.<\/p>\n\n\n\n<p>Manolo, te queremos mucho. Eres un sacerdote que mueve nuestras mentes y nuestras emociones con tus homil\u00edas, que te salen del alma y, sobre todo, de ese gran coraz\u00f3n que t\u00fa tienes. Que el Se\u00f1or te bendiga y te siga dando salud y fuerzas para servir a su pueblo, esta peque\u00f1a comunidad que peregrina en el barrio del Actur de Zaragoza.<\/p>\n\n\n\n<div class=\"wp-block-flagallery-gallery flagallery-shortcode\"><div class=\"flagallerywraper\" style=\"text-align:center;\"><div class=\"flagallery albumwiz_skin\" id=\"FlaGallery_sc1_125\" style=\"margin:0 auto;\"><script type=\"application\/json\" class=\"FlaGallery_sc1_125\">{\"settings\":{\"splashType\":\"grid\",\"cover\\u0421olumns\":\"3\",\"coverRecomendedWidth\":\"250\",\"coverThumbSpacing\":\"10\",\"coverHieghtRation\":\"1\",\"coverHoverColor\":\"rgba(0,0,0,0.65)\",\"coverTitleEnable\":\"1\",\"coverTitleFontSize\":\"22\",\"coverTitleTextColor\":\"rgba(255,255,255,1)\",\"coverCollectoinAmount\":\"1\",\"sliderPpointsNaviEnable\":\"1\",\"sliderButtonsNaviEnable\":\"1\",\"navigationColor\":\"rgba(0,0,0,1)\",\"navigationColorHover\":\"rgba(0,0,0,0.7)\",\"navigationIconColor\":\"rgba(255,255,255,1)\",\"modaBgColor\":\"rgba(0,0,0,0.9)\",\"modalInfoBoxBgColor\":\"rgba(255,255,255,1)\",\"modalInfoBoxTitleTextColor\":\"rgba(0,0,0,1)\",\"modalInfoBoxTextColor\":\"rgba(70,70,70,1)\",\"infoBarExifEnable\":\"1\",\"infoBarCountersEnable\":\"1\",\"infoBarDateInfoEnable\":\"1\",\"copyR_Protection\":\"1\",\"copyR_Alert\":\"Hello, this photo is mine!\",\"sliderScrollNavi\":\"0\",\"sliderNextPrevAnimation\":\"animation\",\"sliderPreloaderColor\":\"#ffffff\",\"sliderBgColor\":\"rgba(0,0,0,0.8)\",\"sliderHeaderFooterBgColor\":\"#000000\",\"sliderNavigationColor\":\"rgba(0,0,0,1)\",\"sliderNavigationIconColor\":\"rgba(255,255,255,1)\",\"sliderNavigationColorOver\":\"rgba(255,255,255,1)\",\"sliderNavigationIconColorOver\":\"rgba(0,0,0,1)\",\"sliderItemTitleEnable\":\"1\",\"sliderItemTitleFontSize\":\"24\",\"sliderItemTitleTextColor\":\"#ffffff\",\"sliderThumbBarEnable\":\"1\",\"sliderThumbBarHoverColor\":\"#ffffff\",\"sliderThumbSubMenuBackgroundColor\":\"rgba(0,0,0,1)\",\"sliderThumbSubMenuBackgroundColorOver\":\"rgba(255,255,255,1)\",\"sliderThumbSubMenuIconColor\":\"rgba(255,255,255,1)\",\"sliderThumbSubMenuIconHoverColor\":\"rgba(0,0,0,1)\",\"sliderPlayButton\":\"1\",\"slideshowDelay\":\"8\",\"slideshowProgressBarColor\":\"rgba(255,255,255,1)\",\"slideshowProgressBarBGColor\":\"rgba(255,255,255,0.6)\",\"sliderInfoEnable\":\"1\",\"sliderZoomButton\":\"1\",\"sliderItemDownload\":\"1\",\"sliderSocialShareEnabled\":\"1\",\"sliderLikesEnabled\":\"1\",\"sliderFullScreen\":\"1\",\"customCSS\":\"\",\"key\":\"\",\"name\":\"\",\"galleryID\":\"sc1_125\",\"post_url\":\"https:\\\/\\\/uni2ajesus.com?rest_route=%2Fwp%2Fv2%2Fposts%2F618\",\"module_url\":\"https:\\\/\\\/uni2ajesus.com\\\/wp-content\\\/plugins\\\/flagallery-skins\\\/albumwiz\\\/\"}, \"data\":[{\"gallery\":{\"gid\":\"125\",\"name\":\"manolo-liarte-18-anos-2020\",\"path\":\"https:\\\/\\\/uni2ajesus.com\\\/wp-content\\\/flagallery\\\/manolo-liarte-18-anos-2020\",\"title\":\"Manolo Liarte 18 a\\u00f1os 2020\",\"galdesc\":\"\"},\"data\":[{\"pid\":\"1525\",\"filename\":\"2020_02_29-3426-jys.JPG\",\"description\":\"????????????????????????????????????\",\"alttext\":\"\",\"link\":null,\"imagedate\":\"2020-02-29 21:25:51\",\"hitcounter\":\"17\",\"total_value\":\"0\",\"total_votes\":\"0\",\"meta_data\":{\"aperture\":\"F 3.5\",\"credit\":false,\"camera\":\"NIKON D90\",\"caption\":\"????????????????????????????????????\",\"created_timestamp\":\"29\\\/02\\\/2020 21:25\",\"copyright\":false,\"focal_length\":\"18 mm\",\"iso\":800,\"shutter_speed\":\"1\\\/60 sec\",\"flash\":\"Fired\",\"title\":false,\"keywords\":false,\"width\":1024,\"height\":680,\"saved\":true,\"thumbnail\":{\"width\":400,\"height\":265},\"webview\":{\"0\":1024,\"1\":680,\"2\":2,\"3\":\"width=\\\"1024\\\" height=\\\"680\\\"\",\"bits\":8,\"channels\":3,\"mime\":\"image\\\/jpeg\"}}},{\"pid\":\"1526\",\"filename\":\"2020_02_29-3434-jys.JPG\",\"description\":\"????????????????????????????????????\",\"alttext\":\"\",\"link\":null,\"imagedate\":\"2020-02-29 21:27:31\",\"hitcounter\":\"8\",\"total_value\":\"0\",\"total_votes\":\"0\",\"meta_data\":{\"aperture\":\"F 5\",\"credit\":false,\"camera\":\"NIKON D90\",\"caption\":\"????????????????????????????????????\",\"created_timestamp\":\"29\\\/02\\\/2020 21:27\",\"copyright\":false,\"focal_length\":\"50 mm\",\"iso\":720,\"shutter_speed\":\"1\\\/130 sec\",\"flash\":\"Fired\",\"title\":false,\"keywords\":false,\"width\":1024,\"height\":680,\"saved\":true,\"thumbnail\":{\"width\":400,\"height\":265},\"webview\":{\"0\":1024,\"1\":680,\"2\":2,\"3\":\"width=\\\"1024\\\" height=\\\"680\\\"\",\"bits\":8,\"channels\":3,\"mime\":\"image\\\/jpeg\"}}},{\"pid\":\"1527\",\"filename\":\"2020_02_29-3439-jys.JPG\",\"description\":\"????????????????????????????????????\",\"alttext\":\"\",\"link\":null,\"imagedate\":\"2020-02-29 21:28:13\",\"hitcounter\":\"8\",\"total_value\":\"0\",\"total_votes\":\"0\",\"meta_data\":{\"aperture\":\"F 3.5\",\"credit\":false,\"camera\":\"NIKON D90\",\"caption\":\"????????????????????????????????????\",\"created_timestamp\":\"29\\\/02\\\/2020 21:28\",\"copyright\":false,\"focal_length\":\"18 mm\",\"iso\":800,\"shutter_speed\":\"1\\\/60 sec\",\"flash\":\"Fired\",\"title\":false,\"keywords\":false,\"width\":1024,\"height\":680,\"saved\":true,\"thumbnail\":{\"width\":400,\"height\":265},\"webview\":{\"0\":1024,\"1\":680,\"2\":2,\"3\":\"width=\\\"1024\\\" height=\\\"680\\\"\",\"bits\":8,\"channels\":3,\"mime\":\"image\\\/jpeg\"}}},{\"pid\":\"1528\",\"filename\":\"2020_02_29-3441-jys.JPG\",\"description\":\"????????????????????????????????????\",\"alttext\":\"\",\"link\":null,\"imagedate\":\"2020-02-29 21:28:28\",\"hitcounter\":\"8\",\"total_value\":\"0\",\"total_votes\":\"0\",\"meta_data\":{\"aperture\":\"F 3.5\",\"credit\":false,\"camera\":\"NIKON D90\",\"caption\":\"????????????????????????????????????\",\"created_timestamp\":\"29\\\/02\\\/2020 21:28\",\"copyright\":false,\"focal_length\":\"18 mm\",\"iso\":800,\"shutter_speed\":\"1\\\/60 sec\",\"flash\":\"Fired\",\"title\":false,\"keywords\":false,\"width\":1024,\"height\":680,\"saved\":true,\"thumbnail\":{\"width\":400,\"height\":265},\"webview\":{\"0\":1024,\"1\":680,\"2\":2,\"3\":\"width=\\\"1024\\\" height=\\\"680\\\"\",\"bits\":8,\"channels\":3,\"mime\":\"image\\\/jpeg\"}}},{\"pid\":\"1529\",\"filename\":\"2020_02_29-3442-jys.JPG\",\"description\":\"????????????????????????????????????\",\"alttext\":\"\",\"link\":null,\"imagedate\":\"2020-02-29 21:28:30\",\"hitcounter\":\"8\",\"total_value\":\"0\",\"total_votes\":\"0\",\"meta_data\":{\"aperture\":\"F 3.5\",\"credit\":false,\"camera\":\"NIKON D90\",\"caption\":\"????????????????????????????????????\",\"created_timestamp\":\"29\\\/02\\\/2020 21:28\",\"copyright\":false,\"focal_length\":\"18 mm\",\"iso\":800,\"shutter_speed\":\"1\\\/60 sec\",\"flash\":\"Fired\",\"title\":false,\"keywords\":false,\"width\":1024,\"height\":680,\"saved\":true,\"thumbnail\":{\"width\":400,\"height\":265},\"webview\":{\"0\":1024,\"1\":680,\"2\":2,\"3\":\"width=\\\"1024\\\" height=\\\"680\\\"\",\"bits\":8,\"channels\":3,\"mime\":\"image\\\/jpeg\"}}},{\"pid\":\"1530\",\"filename\":\"2020_02_29-3443-jys.JPG\",\"description\":\"????????????????????????????????????\",\"alttext\":\"\",\"link\":null,\"imagedate\":\"2020-02-29 21:29:02\",\"hitcounter\":\"8\",\"total_value\":\"0\",\"total_votes\":\"0\",\"meta_data\":{\"aperture\":\"F 3.5\",\"credit\":false,\"camera\":\"NIKON D90\",\"caption\":\"????????????????????????????????????\",\"created_timestamp\":\"29\\\/02\\\/2020 21:29\",\"copyright\":false,\"focal_length\":\"18 mm\",\"iso\":800,\"shutter_speed\":\"1\\\/60 sec\",\"flash\":\"Fired\",\"title\":false,\"keywords\":false,\"width\":1024,\"height\":680,\"saved\":true,\"thumbnail\":{\"width\":400,\"height\":265},\"webview\":{\"0\":1024,\"1\":680,\"2\":2,\"3\":\"width=\\\"1024\\\" height=\\\"680\\\"\",\"bits\":8,\"channels\":3,\"mime\":\"image\\\/jpeg\"}}},{\"pid\":\"1531\",\"filename\":\"2020_02_29-3444-jys.JPG\",\"description\":\"????????????????????????????????????\",\"alttext\":\"\",\"link\":null,\"imagedate\":\"2020-02-29 21:29:06\",\"hitcounter\":\"7\",\"total_value\":\"0\",\"total_votes\":\"0\",\"meta_data\":{\"aperture\":\"F 3.5\",\"credit\":false,\"camera\":\"NIKON D90\",\"caption\":\"????????????????????????????????????\",\"created_timestamp\":\"29\\\/02\\\/2020 21:29\",\"copyright\":false,\"focal_length\":\"18 mm\",\"iso\":800,\"shutter_speed\":\"1\\\/60 sec\",\"flash\":\"Fired\",\"title\":false,\"keywords\":false,\"width\":1024,\"height\":680,\"saved\":true,\"thumbnail\":{\"width\":400,\"height\":265},\"webview\":{\"0\":1024,\"1\":680,\"2\":2,\"3\":\"width=\\\"1024\\\" height=\\\"680\\\"\",\"bits\":8,\"channels\":3,\"mime\":\"image\\\/jpeg\"}}},{\"pid\":\"1532\",\"filename\":\"2020_02_29-3446-jys.JPG\",\"description\":\"????????????????????????????????????\",\"alttext\":\"\",\"link\":null,\"imagedate\":\"2020-02-29 21:38:47\",\"hitcounter\":\"7\",\"total_value\":\"0\",\"total_votes\":\"0\",\"meta_data\":{\"aperture\":\"F 3.5\",\"credit\":false,\"camera\":\"NIKON D90\",\"caption\":\"????????????????????????????????????\",\"created_timestamp\":\"29\\\/02\\\/2020 21:38\",\"copyright\":false,\"focal_length\":\"18 mm\",\"iso\":800,\"shutter_speed\":\"1\\\/60 sec\",\"flash\":\"Fired\",\"title\":false,\"keywords\":false,\"width\":1024,\"height\":680,\"saved\":true,\"thumbnail\":{\"width\":400,\"height\":265},\"webview\":{\"0\":1024,\"1\":680,\"2\":2,\"3\":\"width=\\\"1024\\\" height=\\\"680\\\"\",\"bits\":8,\"channels\":3,\"mime\":\"image\\\/jpeg\"}}},{\"pid\":\"1533\",\"filename\":\"2020_02_29-3452-jys.JPG\",\"description\":\"????????????????????????????????????\",\"alttext\":\"\",\"link\":null,\"imagedate\":\"2020-02-29 21:40:00\",\"hitcounter\":\"7\",\"total_value\":\"0\",\"total_votes\":\"0\",\"meta_data\":{\"aperture\":\"F 4.8\",\"credit\":false,\"camera\":\"NIKON D90\",\"caption\":\"????????????????????????????????????\",\"created_timestamp\":\"29\\\/02\\\/2020 21:40\",\"copyright\":false,\"focal_length\":\"45 mm\",\"iso\":800,\"shutter_speed\":\"1\\\/60 sec\",\"flash\":\"Fired\",\"title\":false,\"keywords\":false,\"width\":1024,\"height\":680,\"saved\":true,\"thumbnail\":{\"width\":400,\"height\":265},\"webview\":{\"0\":1024,\"1\":680,\"2\":2,\"3\":\"width=\\\"1024\\\" height=\\\"680\\\"\",\"bits\":8,\"channels\":3,\"mime\":\"image\\\/jpeg\"}}},{\"pid\":\"1534\",\"filename\":\"2020_02_29-3454-jys.JPG\",\"description\":\"????????????????????????????????????\",\"alttext\":\"\",\"link\":null,\"imagedate\":\"2020-02-29 21:40:18\",\"hitcounter\":\"7\",\"total_value\":\"0\",\"total_votes\":\"0\",\"meta_data\":{\"aperture\":\"F 3.5\",\"credit\":false,\"camera\":\"NIKON D90\",\"caption\":\"????????????????????????????????????\",\"created_timestamp\":\"29\\\/02\\\/2020 21:40\",\"copyright\":false,\"focal_length\":\"18 mm\",\"iso\":800,\"shutter_speed\":\"1\\\/60 sec\",\"flash\":\"Fired\",\"title\":false,\"keywords\":false,\"width\":1024,\"height\":680,\"saved\":true,\"thumbnail\":{\"width\":400,\"height\":265},\"webview\":{\"0\":1024,\"1\":680,\"2\":2,\"3\":\"width=\\\"1024\\\" height=\\\"680\\\"\",\"bits\":8,\"channels\":3,\"mime\":\"image\\\/jpeg\"}}},{\"pid\":\"1535\",\"filename\":\"2020_02_29-3457-jys.JPG\",\"description\":\"????????????????????????????????????\",\"alttext\":\"\",\"link\":null,\"imagedate\":\"2020-02-29 21:40:49\",\"hitcounter\":\"7\",\"total_value\":\"0\",\"total_votes\":\"0\",\"meta_data\":{\"aperture\":\"F 3.5\",\"credit\":false,\"camera\":\"NIKON D90\",\"caption\":\"????????????????????????????????????\",\"created_timestamp\":\"29\\\/02\\\/2020 21:40\",\"copyright\":false,\"focal_length\":\"18 mm\",\"iso\":800,\"shutter_speed\":\"1\\\/60 sec\",\"flash\":\"Fired\",\"title\":false,\"keywords\":false,\"width\":1024,\"height\":680,\"saved\":true,\"thumbnail\":{\"width\":400,\"height\":265},\"webview\":{\"0\":1024,\"1\":680,\"2\":2,\"3\":\"width=\\\"1024\\\" height=\\\"680\\\"\",\"bits\":8,\"channels\":3,\"mime\":\"image\\\/jpeg\"}}},{\"pid\":\"1536\",\"filename\":\"2020_02_29-3459-jys.JPG\",\"description\":\"????????????????????????????????????\",\"alttext\":\"\",\"link\":null,\"imagedate\":\"2020-02-29 21:40:54\",\"hitcounter\":\"7\",\"total_value\":\"0\",\"total_votes\":\"0\",\"meta_data\":{\"aperture\":\"F 3.5\",\"credit\":false,\"camera\":\"NIKON D90\",\"caption\":\"????????????????????????????????????\",\"created_timestamp\":\"29\\\/02\\\/2020 21:40\",\"copyright\":false,\"focal_length\":\"18 mm\",\"iso\":800,\"shutter_speed\":\"1\\\/60 sec\",\"flash\":\"Fired\",\"title\":false,\"keywords\":false,\"width\":1024,\"height\":680,\"saved\":true,\"thumbnail\":{\"width\":400,\"height\":265},\"webview\":{\"0\":1024,\"1\":680,\"2\":2,\"3\":\"width=\\\"1024\\\" height=\\\"680\\\"\",\"bits\":8,\"channels\":3,\"mime\":\"image\\\/jpeg\"}}},{\"pid\":\"1537\",\"filename\":\"2020_02_29-3462-jys.JPG\",\"description\":\"????????????????????????????????????\",\"alttext\":\"\",\"link\":null,\"imagedate\":\"2020-02-29 21:41:03\",\"hitcounter\":\"7\",\"total_value\":\"0\",\"total_votes\":\"0\",\"meta_data\":{\"aperture\":\"F 3.5\",\"credit\":false,\"camera\":\"NIKON D90\",\"caption\":\"????????????????????????????????????\",\"created_timestamp\":\"29\\\/02\\\/2020 21:41\",\"copyright\":false,\"focal_length\":\"18 mm\",\"iso\":800,\"shutter_speed\":\"1\\\/60 sec\",\"flash\":\"Fired\",\"title\":false,\"keywords\":false,\"width\":1024,\"height\":680,\"saved\":true,\"thumbnail\":{\"width\":400,\"height\":265},\"webview\":{\"0\":1024,\"1\":680,\"2\":2,\"3\":\"width=\\\"1024\\\" height=\\\"680\\\"\",\"bits\":8,\"channels\":3,\"mime\":\"image\\\/jpeg\"}}}]}]}<\/script><\/div><\/div><noscript id=\"noscript_FlaGallery_sc1_125\"><img class=\"skip-lazy no-lazyload noLazy\" data-lazy-src=\"\" src =\"https:\/\/uni2ajesus.com\/wp-content\/flagallery\/manolo-liarte-18-anos-2020\/2020_02_29-3426-jys.JPG\" alt=\"\" \/><img class=\"skip-lazy no-lazyload noLazy\" data-lazy-src=\"\" src =\"https:\/\/uni2ajesus.com\/wp-content\/flagallery\/manolo-liarte-18-anos-2020\/2020_02_29-3434-jys.JPG\" alt=\"\" \/><img class=\"skip-lazy no-lazyload noLazy\" data-lazy-src=\"\" src =\"https:\/\/uni2ajesus.com\/wp-content\/flagallery\/manolo-liarte-18-anos-2020\/2020_02_29-3439-jys.JPG\" alt=\"\" \/><img class=\"skip-lazy no-lazyload noLazy\" data-lazy-src=\"\" src =\"https:\/\/uni2ajesus.com\/wp-content\/flagallery\/manolo-liarte-18-anos-2020\/2020_02_29-3441-jys.JPG\" alt=\"\" \/><img class=\"skip-lazy no-lazyload noLazy\" data-lazy-src=\"\" src =\"https:\/\/uni2ajesus.com\/wp-content\/flagallery\/manolo-liarte-18-anos-2020\/2020_02_29-3442-jys.JPG\" alt=\"\" \/><img class=\"skip-lazy no-lazyload noLazy\" data-lazy-src=\"\" src =\"https:\/\/uni2ajesus.com\/wp-content\/flagallery\/manolo-liarte-18-anos-2020\/2020_02_29-3443-jys.JPG\" alt=\"\" \/><img class=\"skip-lazy no-lazyload noLazy\" data-lazy-src=\"\" src =\"https:\/\/uni2ajesus.com\/wp-content\/flagallery\/manolo-liarte-18-anos-2020\/2020_02_29-3444-jys.JPG\" alt=\"\" \/><img class=\"skip-lazy no-lazyload noLazy\" data-lazy-src=\"\" src =\"https:\/\/uni2ajesus.com\/wp-content\/flagallery\/manolo-liarte-18-anos-2020\/2020_02_29-3446-jys.JPG\" alt=\"\" \/><img class=\"skip-lazy no-lazyload noLazy\" data-lazy-src=\"\" src =\"https:\/\/uni2ajesus.com\/wp-content\/flagallery\/manolo-liarte-18-anos-2020\/2020_02_29-3452-jys.JPG\" alt=\"\" \/><img class=\"skip-lazy no-lazyload noLazy\" data-lazy-src=\"\" src =\"https:\/\/uni2ajesus.com\/wp-content\/flagallery\/manolo-liarte-18-anos-2020\/2020_02_29-3454-jys.JPG\" alt=\"\" \/><img class=\"skip-lazy no-lazyload noLazy\" data-lazy-src=\"\" src =\"https:\/\/uni2ajesus.com\/wp-content\/flagallery\/manolo-liarte-18-anos-2020\/2020_02_29-3457-jys.JPG\" alt=\"\" \/><img class=\"skip-lazy no-lazyload noLazy\" data-lazy-src=\"\" src =\"https:\/\/uni2ajesus.com\/wp-content\/flagallery\/manolo-liarte-18-anos-2020\/2020_02_29-3459-jys.JPG\" alt=\"\" \/><img class=\"skip-lazy no-lazyload noLazy\" data-lazy-src=\"\" src =\"https:\/\/uni2ajesus.com\/wp-content\/flagallery\/manolo-liarte-18-anos-2020\/2020_02_29-3462-jys.JPG\" alt=\"\" \/><\/noscript><\/div>\n\n\n\n<p><\/p>\n","protected":false},"excerpt":{"rendered":"<p>Como Manolo Liarte, nuestro sacerdote, naci\u00f3 un 29 de febrero, y no es f\u00e1cil celebrarlo, hemos querido hacerle una fiesta junto con toda nuestra comunidad del Esp\u00edritu Santo, de la parroquia de San Andr\u00e9s. Manolo, te queremos mucho. Eres un sacerdote que mueve nuestras mentes y nuestras emociones con tus homil\u00edas, que te salen del &hellip; <a href=\"https:\/\/uni2ajesus.com\/?p=618\" class=\"more-link\">Seguir leyendo <span class=\"screen-reader-text\">Manolo, nuestro cura, cumple 18 a\u00f1os&#8230;<\/span> <span class=\"meta-nav\">&rarr;<\/span><\/a><\/p>\n","protected":false},"author":2,"featured_media":619,"comment_status":"closed","ping_status":"open","sticky":false,"template":"","format":"standard","meta":{"footnotes":""},"categories":[46,37,49],"tags":[204,58,194,115,52],"class_list":["post-618","post","type-post","status-publish","format-standard","has-post-thumbnail","hentry","category-iglesia","category-comunidad-es","category-parroquia","tag-actur","tag-comunidad-del-espiritu-santo","tag-cumpleanos","tag-manolo-liarte","tag-parroquia-de-san-andres"],"_links":{"self":[{"href":"https:\/\/uni2ajesus.com\/index.php?rest_route=\/wp\/v2\/posts\/618","targetHints":{"allow":["GET"]}}],"collection":[{"href":"https:\/\/uni2ajesus.com\/index.php?rest_route=\/wp\/v2\/posts"}],"about":[{"href":"https:\/\/uni2ajesus.com\/index.php?rest_route=\/wp\/v2\/types\/post"}],"author":[{"embeddable":true,"href":"https:\/\/uni2ajesus.com\/index.php?rest_route=\/wp\/v2\/users\/2"}],"replies":[{"embeddable":true,"href":"https:\/\/uni2ajesus.com\/index.php?rest_route=%2Fwp%2Fv2%2Fcomments&post=618"}],"version-history":[{"count":2,"href":"https:\/\/uni2ajesus.com\/index.php?rest_route=\/wp\/v2\/posts\/618\/revisions"}],"predecessor-version":[{"id":622,"href":"https:\/\/uni2ajesus.com\/index.php?rest_route=\/wp\/v2\/posts\/618\/revisions\/622"}],"wp:featuredmedia":[{"embeddable":true,"href":"https:\/\/uni2ajesus.com\/index.php?rest_route=\/wp\/v2\/media\/619"}],"wp:attachment":[{"href":"https:\/\/uni2ajesus.com\/index.php?rest_route=%2Fwp%2Fv2%2Fmedia&parent=618"}],"wp:term":[{"taxonomy":"category","embeddable":true,"href":"https:\/\/uni2ajesus.com\/index.php?rest_route=%2Fwp%2Fv2%2Fcategories&post=618"},{"taxonomy":"post_tag","embeddable":true,"href":"https:\/\/uni2ajesus.com\/index.php?rest_route=%2Fwp%2Fv2%2Ftags&post=618"}],"curies":[{"name":"wp","href":"https:\/\/api.w.org\/{rel}","templated":true}]}}