{"id":623,"date":"2020-04-10T23:32:00","date_gmt":"2020-04-10T21:32:00","guid":{"rendered":"http:\/\/uni2ajesus.com\/?p=623"},"modified":"2020-04-18T10:35:46","modified_gmt":"2020-04-18T08:35:46","slug":"vida-comunitaria-en-tiempo-de-coronavirus","status":"publish","type":"post","link":"https:\/\/uni2ajesus.com\/?p=623","title":{"rendered":"Vida comunitaria en tiempo de coronavirus"},"content":{"rendered":"\n<p>Estamos en plena pandemia, obligados al confinamiento en nuestras casas, y en plena Semana Santa. En las \u00faltimas semanas hemos tenido varias reuniones mediante videoconferencia por Skype. Hoy hemos querido hacer el viacrucis juntos por este medio.<\/p>\n\n\n\n<p>Vivimos momentos muy duros para nosotros, nuestras familias y el mundo entero. Ninguno est\u00e1 indemne; todos sabemos de alg\u00fan amigo que ha perdido a alg\u00fan familiar, cuando no somos nosotros mismos quienes tenemos alg\u00fan familiar lejano que ha sido v\u00edctima del Covid-19.<\/p>\n\n\n\n<p>En medio de todo esto nos preguntamos: \u00bfqu\u00e9 hacer? \u00bfC\u00f3mo ayudar? Varios nos encontramos teletrabajando, atendiendo a los chicos de nuestros colegios, otros siguen teniendo que acudir a su oficina, a reparar aerogeneradores o a patrullar con su unidad militar. Nuestros hijos est\u00e1n todos estudiando desde casa&#8230;<\/p>\n\n\n\n<p>Algunos <a rel=\"noreferrer noopener\" href=\"http:\/\/www.alcierzo.com\" target=\"_blank\">escribimos<\/a> algo especial en estos d\u00edas. Muy importante el <u><font color=\"#000117\"><a rel=\"noreferrer noopener\" href=\"http:\/\/alcierzo.com\/?p=2332\" target=\"_blank\">wasapostolado<\/a><\/font><\/u> que todos realizamos para llevar alegr\u00eda, para estar en contacto con nuestros amigos y con la gente de la <a rel=\"noreferrer noopener\" href=\"https:\/\/www.sanandresapostol.com\/\" target=\"_blank\">parroquia<\/a>, con quienes compartimos esperanzas y luces en una especie de ciberiglesia. Adem\u00e1s, estamos presentes a las necesidades de nuestros vecinos. O <a href=\"http:\/\/alcierzo.com\/?p=2219\">cantamos<\/a> todos los d\u00edas despu\u00e9s del aplauso general de las 8 de la tarde a los sanitarios y el resto de profesionales que mantienen funcionando el pa\u00eds. Van a llegar momentos de compartir nuestros bienes, de dar apoyo econ\u00f3mico a los azotados por la crisis econ\u00f3mica que va a seguir a la pandemia&#8230; <\/p>\n\n\n\n<p>Y, ante todo, rezamos por el mundo entero. De all\u00ed que hoy hayamos querido acompa\u00f1ar juntos al Se\u00f1or en el camino de la cruz. \u00a1Te adoramos, Cristo, y te bendecimos, porque por tu santa cruz redimiste al mundo!<\/p>\n","protected":false},"excerpt":{"rendered":"<p>Estamos en plena pandemia, obligados al confinamiento en nuestras casas, y en plena Semana Santa. En las \u00faltimas semanas hemos tenido varias reuniones mediante videoconferencia por Skype. Hoy hemos querido hacer el viacrucis juntos por este medio. Vivimos momentos muy duros para nosotros, nuestras familias y el mundo entero. Ninguno est\u00e1 indemne; todos sabemos de &hellip; <a href=\"https:\/\/uni2ajesus.com\/?p=623\" class=\"more-link\">Seguir leyendo <span class=\"screen-reader-text\">Vida comunitaria en tiempo de coronavirus<\/span> <span class=\"meta-nav\">&rarr;<\/span><\/a><\/p>\n","protected":false},"author":2,"featured_media":624,"comment_status":"closed","ping_status":"open","sticky":false,"template":"","format":"standard","meta":{"footnotes":""},"categories":[205,32,166,25,49],"tags":[206,207,144,208,209,210],"class_list":["post-623","post","type-post","status-publish","format-standard","has-post-thumbnail","hentry","category-ciberiglesia","category-familias","category-noche-de-comunidad","category-oracion","category-parroquia","tag-ciberiglesia","tag-coronavirus","tag-oracion","tag-pandemia","tag-skype","tag-viacrucis"],"_links":{"self":[{"href":"https:\/\/uni2ajesus.com\/index.php?rest_route=\/wp\/v2\/posts\/623","targetHints":{"allow":["GET"]}}],"collection":[{"href":"https:\/\/uni2ajesus.com\/index.php?rest_route=\/wp\/v2\/posts"}],"about":[{"href":"https:\/\/uni2ajesus.com\/index.php?rest_route=\/wp\/v2\/types\/post"}],"author":[{"embeddable":true,"href":"https:\/\/uni2ajesus.com\/index.php?rest_route=\/wp\/v2\/users\/2"}],"replies":[{"embeddable":true,"href":"https:\/\/uni2ajesus.com\/index.php?rest_route=%2Fwp%2Fv2%2Fcomments&post=623"}],"version-history":[{"count":3,"href":"https:\/\/uni2ajesus.com\/index.php?rest_route=\/wp\/v2\/posts\/623\/revisions"}],"predecessor-version":[{"id":646,"href":"https:\/\/uni2ajesus.com\/index.php?rest_route=\/wp\/v2\/posts\/623\/revisions\/646"}],"wp:featuredmedia":[{"embeddable":true,"href":"https:\/\/uni2ajesus.com\/index.php?rest_route=\/wp\/v2\/media\/624"}],"wp:attachment":[{"href":"https:\/\/uni2ajesus.com\/index.php?rest_route=%2Fwp%2Fv2%2Fmedia&parent=623"}],"wp:term":[{"taxonomy":"category","embeddable":true,"href":"https:\/\/uni2ajesus.com\/index.php?rest_route=%2Fwp%2Fv2%2Fcategories&post=623"},{"taxonomy":"post_tag","embeddable":true,"href":"https:\/\/uni2ajesus.com\/index.php?rest_route=%2Fwp%2Fv2%2Ftags&post=623"}],"curies":[{"name":"wp","href":"https:\/\/api.w.org\/{rel}","templated":true}]}}